{"id":16900,"date":"2022-04-24T11:40:30","date_gmt":"2022-04-24T09:40:30","guid":{"rendered":"https:\/\/feuerwehr-simbach.de\/?p=16900"},"modified":"2022-04-24T12:53:25","modified_gmt":"2022-04-24T10:53:25","slug":"abnahme-atemschutzleistungsbewerb-in-abensberg","status":"publish","type":"post","link":"https:\/\/feuerwehr-simbach.de\/?p=16900","title":{"rendered":"Abnahme Atemschutzleistungsbewerb in Abensberg"},"content":{"rendered":"<h3 style=\"text-align: center;\"><span style=\"color: #000080;\">Abnahme Atemschutzleistungsbewerb in Abensberg<br \/>\r\n<\/span><\/h3>\r\n<p>&nbsp;<\/p>\r\n<p>Am Samstag, dem 23.04.2022, legten vier Kameraden das niederbayerische Atemschutzleistungsabzeichen in Silber im Landkreis Kelheim bei der Feuerwehr <span class=\"hiddenSpellError\">Abensberg<\/span> ab. Truppweise mussten insgesamt f\u00fcnf Stationen durchlaufen werden, wo das richtige Ausr\u00fcsten mit Atemschutz bis hin zu einer Personenrettung aus dem 1. OG und der Bew\u00e4ltigung eines Innenangriffs sowie ein Flaschenwechsel durchgef\u00fchrt werden musste. Zum Schluss mussten noch theoretische Fragen rund ums Thema Atemschutz beantwortet werden.<\/p>\r\n<p>Alle zwei Trupps legten die Pr\u00fcfung mit Erfolg ab.<\/p>\r\n<p>&nbsp;<\/p>\r\n<h6><strong>Hier einige Impressionen:<\/strong><\/h6>\r\n<p>&nbsp;<\/p>\r\n<div id=\"su_carousel_69f2f590ed5d1\" class=\"su-carousel su-carousel-centered su-carousel-pages-no su-carousel-responsive-yes JLqJ4b ChMk0b su-lightbox-gallery\" style=\"width:100%\" data-autoplay=\"3000\" data-speed=\"2000\" data-mousewheel=\"true\" data-items=\"3\" data-scroll=\"1\"><div class=\"su-carousel-slides\"><div class=\"su-carousel-slide\"><a href=\"https:\/\/feuerwehr-simbach.de\/wp-content\/uploads\/2022\/04\/Atemschutzleistungsbewerb-23.04.2022-1-e1650794891430.jpg\" title=\"2022.04.23 Atemschutzleistungsbewerb (1)\"><img decoding=\"async\" src=\"https:\/\/feuerwehr-simbach.de\/wp-content\/uploads\/2022\/04\/Atemschutzleistungsbewerb-23.04.2022-1-e1650794891430.jpg\" alt=\"2022.04.23 Atemschutzleistungsbewerb (1)\" \/><\/a><\/div><div class=\"su-carousel-slide\"><a href=\"https:\/\/feuerwehr-simbach.de\/wp-content\/uploads\/2022\/04\/Atemschutzleistungsbewerb-23.04.2022-2-e1650795331565.jpg\" title=\"2022.04.23 Atemschutzleistungsbewerb (2)\"><img decoding=\"async\" src=\"https:\/\/feuerwehr-simbach.de\/wp-content\/uploads\/2022\/04\/Atemschutzleistungsbewerb-23.04.2022-2-e1650795331565.jpg\" alt=\"2022.04.23 Atemschutzleistungsbewerb (2)\" \/><\/a><\/div><div class=\"su-carousel-slide\"><a href=\"https:\/\/feuerwehr-simbach.de\/wp-content\/uploads\/2022\/04\/Atemschutzleistungsbewerb-23.04.2022-3-e1650794910715.jpg\" title=\"2022.04.23 Atemschutzleistungsbewerb (3)\"><img decoding=\"async\" src=\"https:\/\/feuerwehr-simbach.de\/wp-content\/uploads\/2022\/04\/Atemschutzleistungsbewerb-23.04.2022-3-e1650794910715.jpg\" alt=\"2022.04.23 Atemschutzleistungsbewerb (3)\" \/><\/a><\/div><div class=\"su-carousel-slide\"><a href=\"https:\/\/feuerwehr-simbach.de\/wp-content\/uploads\/2022\/04\/Atemschutzleistungsbewerb-23.04.2022-4-e1650794918164.jpg\" title=\"2022.04.23 Atemschutzleistungsbewerb (4)\"><img decoding=\"async\" src=\"https:\/\/feuerwehr-simbach.de\/wp-content\/uploads\/2022\/04\/Atemschutzleistungsbewerb-23.04.2022-4-e1650794918164.jpg\" alt=\"2022.04.23 Atemschutzleistungsbewerb (4)\" \/><\/a><\/div><\/div><div class=\"su-carousel-nav\"><div class=\"su-carousel-direction\"><span class=\"su-carousel-prev\"><\/span><span class=\"su-carousel-next\"><\/span><\/div><div class=\"su-carousel-pagination\"><\/div><\/div><\/div>\r\n<p><\/p>","protected":false},"excerpt":{"rendered":"<p>Abnahme Atemschutzleistungsbewerb in Abensberg &nbsp; Am Samstag, dem 23.04.2022, legten vier Kameraden das niederbayerische Atemschutzleistungsabzeichen in Silber im Landkreis Kelheim bei der Feuerwehr Abensberg ab. Truppweise mussten insgesamt f\u00fcnf Stationen durchlaufen werden, wo das richtige Ausr\u00fcsten mit Atemschutz bis hin zu einer Personenrettung aus dem 1. OG und der Bew\u00e4ltigung eines Innenangriffs sowie ein Flaschenwechsel [&hellip;]<\/p>\n","protected":false},"author":11,"featured_media":0,"comment_status":"closed","ping_status":"closed","sticky":false,"template":"","format":"standard","meta":{"footnotes":""},"categories":[172],"tags":[],"class_list":["post-16900","post","type-post","status-publish","format-standard","hentry","category-aktuelles-2022"],"_links":{"self":[{"href":"https:\/\/feuerwehr-simbach.de\/index.php?rest_route=\/wp\/v2\/posts\/16900","targetHints":{"allow":["GET"]}}],"collection":[{"href":"https:\/\/feuerwehr-simbach.de\/index.php?rest_route=\/wp\/v2\/posts"}],"about":[{"href":"https:\/\/feuerwehr-simbach.de\/index.php?rest_route=\/wp\/v2\/types\/post"}],"author":[{"embeddable":true,"href":"https:\/\/feuerwehr-simbach.de\/index.php?rest_route=\/wp\/v2\/users\/11"}],"replies":[{"embeddable":true,"href":"https:\/\/feuerwehr-simbach.de\/index.php?rest_route=%2Fwp%2Fv2%2Fcomments&post=16900"}],"version-history":[{"count":7,"href":"https:\/\/feuerwehr-simbach.de\/index.php?rest_route=\/wp\/v2\/posts\/16900\/revisions"}],"predecessor-version":[{"id":16920,"href":"https:\/\/feuerwehr-simbach.de\/index.php?rest_route=\/wp\/v2\/posts\/16900\/revisions\/16920"}],"wp:attachment":[{"href":"https:\/\/feuerwehr-simbach.de\/index.php?rest_route=%2Fwp%2Fv2%2Fmedia&parent=16900"}],"wp:term":[{"taxonomy":"category","embeddable":true,"href":"https:\/\/feuerwehr-simbach.de\/index.php?rest_route=%2Fwp%2Fv2%2Fcategories&post=16900"},{"taxonomy":"post_tag","embeddable":true,"href":"https:\/\/feuerwehr-simbach.de\/index.php?rest_route=%2Fwp%2Fv2%2Ftags&post=16900"}],"curies":[{"name":"wp","href":"https:\/\/api.w.org\/{rel}","templated":true}]}}