{"id":16968,"date":"2022-04-25T19:58:22","date_gmt":"2022-04-25T17:58:22","guid":{"rendered":"https:\/\/feuerwehr-simbach.de\/?p=16968"},"modified":"2022-04-29T16:40:22","modified_gmt":"2022-04-29T14:40:22","slug":"24-stunden-spass-und-action-fuer-die-jugendlichen","status":"publish","type":"post","link":"https:\/\/feuerwehr-simbach.de\/?p=16968","title":{"rendered":"24 Stunden Spa\u00df und Action f\u00fcr die Jugendlichen"},"content":{"rendered":"<div class=\"wpb-content-wrapper\"><h3 style=\"text-align: center;\"><span style=\"color: #000080;\">24 Stunden Spa\u00df und Action f\u00fcr die Jugendlichen<br \/>\r\n<\/span><\/h3>\r\n<p>&nbsp;<\/p>\r\n<p><strong>Jugendfeuerwehr \u00fcbernachtet im Feuerwehrhaus \u2013 Zahlreiche Einsatz\u00fcbungen und ein Wettbewerb<br \/>\r\n<\/strong>Unsere Jugendfeuerwehr verbrachte am vergangenen Wochenende 24 Stunden im Feuerwehrhaus. Wie bei einer Berufsfeuerwehr kam es \u00fcber die beiden Tage verteilt immer wieder zu Eins\u00e4tzen, man kochte miteinander und in einem Wettbewerb mit mehreren Disziplinen konnten die Jugendlichen ihr K\u00f6nnen unter Beweis stellen.<\/p>\r\n<p>Los ging es am Freitagnachmittag mit einer kleinen Einkaufstour, in der die Jugendlichen zusammen mit ihrem Jugendwart Alexander Eiblmeier s\u00e4mtliche Lebensmittel f\u00fcr die kommenden 24 Stunden besorgten. Am <a href=\"https:\/\/feuerwehr-simbach.de\/?page_id=2376\">Feuerwehrhaus<\/a> zur\u00fcck, bauten sie das Lager f\u00fcr die Nacht auf, bevor mittels Gong und Durchsage bereits der erste Einsatz gemeldet wurde. Dabei handelte es sich um eine Personenrettung aus einem Schacht in Obersimbach. Mit <a href=\"https:\/\/feuerwehr-simbach.de\/?p=3553\">HLF<\/a> und <a href=\"https:\/\/feuerwehr-simbach.de\/?p=3554\">Drehleiter<\/a> ging es zur Einsatzstelle, wo der Gruppenf\u00fchrer drei verletzte Personen auf zwei verschiedenen Ebenen vorgefunden hat. Er entschied sich, die Rettung mittels Schleifkorbtrage und Drehleiter vorzunehmen, was von seiner Mannschaft anschlie\u00dfend durchgef\u00fchrt wurde. Zur\u00fcck am Feuerwehrhaus kam es zur ersten Disziplin des Wettbewerbs. Die Jugendlichen versuchten, einen C-Schlauch auszurollen und dabei durch zwei nebeneinander stehende Pylonen zu treffen. Jeder hatte hierf\u00fcr zwei Versuche und Gewinner war derjenige, welcher durch die Pylonen traf oder den geringsten Abstand zu diesen hatte. Es folgte ein gemeinsames Grillen und die \u00fcblichen Aufr\u00e4umarbeiten danach, bevor gegen 21.15 Uhr der Gong den n\u00e4chsten Einsatz einl\u00e4utete. Gemeldet wurde eine vermisste Person in der Heraklithstra\u00dfe. Schnell legten die Jugendlichen ihre Einsatzkleidung an und machten sich auf den Weg zum Einsatzort. Dort begannen sie mit zwei W\u00e4rmebildkameras nach der Suche der Person, die sie innerhalb von 20 Minuten finden konnten. Die Jugendlichen r\u00fcckten wieder ein, lie\u00dfen den Abend mit einem Film ausklingen und hofften auf eine ruhige Nacht.<\/p>\r\n<p>Die Nacht war auch ruhig, jedoch wurden die Jugendlichen am n\u00e4chsten Morgen gegen 8.00 Uhr zu einer Wohnungs\u00f6ffnung gerufen. Es stellte sich aber noch vor dem Ausr\u00fccken heraus, dass die Wohnung bereits ge\u00f6ffnet wurde und ein Eingreifen somit nicht erforderlich ist. Da die Jungs und M\u00e4dchen nun bereits wach waren wurde gemeinsam gefr\u00fchst\u00fcckt und das Nachtlager wieder abgebaut. Anschlie\u00dfend ert\u00f6nte erneut der Alarmgong im Ger\u00e4tehaus. \u201eB2 \u2013 Brand Freifl\u00e4che am Minigolfst\u00fcberl\u201c lautete die Durchsage zur Einsatz\u00fcbung. Am Minigolfst\u00fcberl angekommen, konnte die Lage best\u00e4tigt werden und die Jugendlichen l\u00f6schten mithilfe von zwei C-Rohren das Lagerfeuer. Nachdem die Brandstelle auf Glutnester kontrolliert wurde, ging es wieder ins Feuerwehrhaus zur\u00fcck, wo die n\u00e4chste Disziplin des Wettbewerbs wartete. Es ging darum, einen Tischtennisball mit dem Rettungsspreizer von einer Pylone zu einer weiteren zu transportieren, ohne dass der Ball dabei besch\u00e4digt wird. Es stellte sich schnell heraus, dass dies gar nicht so einfach ist und man aufgrund der Zeitmessung auch etwas unter Druck steht. Nachdem sich jeder an dieser Disziplin versuchen konnte, ging man zur Zubereitung der Pizza \u00fcber, die es mittags zu Essen geben soll. W\u00e4hrend der Essenszubereitung ert\u00f6nte im Feuerwehrhaus wieder der Gong und die Jugendlichen wussten sofort, was das bedeutet. Schnell liefen sie in die <a href=\"https:\/\/feuerwehr-simbach.de\/?p=4550\">Einsatzumkleide<\/a>, legten die Einsatzkleidung an und mit HLF und Drehleiter ging es in die Max-Herrndobler-Stra\u00dfe, wo eine Person aus dem 2. Obergeschoss mit der Drehleiter gerettet werden musste. Innerhalb kurzer Zeit konnte die Person gerettet werden und die Jugendlichen kehrten wieder ins Feuerwehrhaus zur\u00fcck, wo sie das wohlverdiente Mittagessen bekamen. Danach sollte die letzte Disziplin des Wettbewerbs \u2013 ein Parcours mit der Drehleiter \u2013 durchgef\u00fchrt werden. Leider verhinderte der Wind die planm\u00e4\u00dfige Durchf\u00fchrung dieser Disziplin, weshalb die Jugendlichen mit einer Drehleiterfahrt entsch\u00e4digt wurden. \u201eTHL 3 \u2013 Person eingeklemmt\u201c lautete die Durchsage, die kurz darauf folgte und die Jugendlichen machten sich mit HLF und <a href=\"https:\/\/feuerwehr-simbach.de\/?p=3560\">R\u00fcstwagen<\/a> auf den Weg zu einem landwirtschaftlichen Anwesen in Maierhof, wo eine Person unter einem Traktorreifen eingeklemmt war. Die Gruppenf\u00fchrerin entschied sich, die Person mit zwei Rettungsspreizern zu befreien. Sp\u00e4testens nach dem Wettbewerb mit den Tischtennisb\u00e4llen wusste auch jeder, wie ein solcher zu bedienen ist, weshalb die Person sehr schnell aus ihrer misslichen Lage befreit werden konnte.<\/p>\r\n<p>Zur\u00fcck am Feuerwehrhaus wurde noch alle Fahrzeuge gereinigt und der Sieger des Wettbewerbs bekanntgegeben, welcher als Preis eine Pl\u00fcschfigur des Feuerwehrmaskottchens Grisu erhielt. Anschlie\u00dfend packten die Jugendlichen ihre Sachen und machten sich wieder auf den Weg nach Hause. Insgesamt war es eine gelungene Veranstaltung und wir w\u00fcrden uns freuen, wenn wir DEIN Interesse geweckt haben und DU Mitglied in unserem Team werden m\u00f6chtest!<\/p>\r\n<p>&nbsp;<\/p>\r\n<p>&nbsp;<\/p>\r\n<h6><strong>Hier einige Impressionen zu den Berufsfeuerwehrtagen (mit Video):<\/strong><\/h6>\r\n<p>&nbsp;<\/p>\r\n<div id=\"su_carousel_69f2c9de2e60d\" class=\"su-carousel su-carousel-centered su-carousel-pages-no su-carousel-responsive-yes JLqJ4b ChMk0b su-lightbox-gallery\" style=\"width:100%\" data-autoplay=\"3000\" data-speed=\"2000\" data-mousewheel=\"true\" data-items=\"3\" data-scroll=\"1\"><div class=\"su-carousel-slides\"><div class=\"su-carousel-slide\"><a href=\"https:\/\/feuerwehr-simbach.de\/wp-content\/uploads\/2022\/04\/Uebernachtung-Jugendfeuerwehr-22.04.2022-1-e1650896732981.jpg\" title=\"2022.04.22 \u00dcbernachtung Jugendfeuerwehr (1)\"><img decoding=\"async\" src=\"https:\/\/feuerwehr-simbach.de\/wp-content\/uploads\/2022\/04\/Uebernachtung-Jugendfeuerwehr-22.04.2022-1-e1650896732981.jpg\" alt=\"2022.04.22 \u00dcbernachtung Jugendfeuerwehr (1)\" \/><\/a><\/div><div class=\"su-carousel-slide\"><a href=\"https:\/\/feuerwehr-simbach.de\/wp-content\/uploads\/2022\/04\/Uebernachtung-Jugendfeuerwehr-22.04.2022-2-e1650896741646.jpg\" title=\"2022.04.22 \u00dcbernachtung Jugendfeuerwehr (2)\"><img decoding=\"async\" src=\"https:\/\/feuerwehr-simbach.de\/wp-content\/uploads\/2022\/04\/Uebernachtung-Jugendfeuerwehr-22.04.2022-2-e1650896741646.jpg\" alt=\"2022.04.22 \u00dcbernachtung Jugendfeuerwehr (2)\" \/><\/a><\/div><div class=\"su-carousel-slide\"><a href=\"https:\/\/feuerwehr-simbach.de\/wp-content\/uploads\/2022\/04\/Uebernachtung-Jugendfeuerwehr-22.04.2022-3-e1650896749396.jpg\" title=\"2022.04.22 \u00dcbernachtung Jugendfeuerwehr (3)\"><img decoding=\"async\" src=\"https:\/\/feuerwehr-simbach.de\/wp-content\/uploads\/2022\/04\/Uebernachtung-Jugendfeuerwehr-22.04.2022-3-e1650896749396.jpg\" alt=\"2022.04.22 \u00dcbernachtung Jugendfeuerwehr (3)\" \/><\/a><\/div><div class=\"su-carousel-slide\"><a href=\"https:\/\/feuerwehr-simbach.de\/wp-content\/uploads\/2022\/04\/Uebernachtung-Jugendfeuerwehr-22.04.2022-4-e1650896756824.jpg\" title=\"2022.04.22 \u00dcbernachtung Jugendfeuerwehr (4)\"><img decoding=\"async\" src=\"https:\/\/feuerwehr-simbach.de\/wp-content\/uploads\/2022\/04\/Uebernachtung-Jugendfeuerwehr-22.04.2022-4-e1650896756824.jpg\" alt=\"2022.04.22 \u00dcbernachtung Jugendfeuerwehr (4)\" \/><\/a><\/div><div class=\"su-carousel-slide\"><a href=\"https:\/\/feuerwehr-simbach.de\/wp-content\/uploads\/2022\/04\/Uebernachtung-Jugendfeuerwehr-22.04.2022-5-e1650896764451.jpg\" title=\"2022.04.22 \u00dcbernachtung Jugendfeuerwehr (5)\"><img decoding=\"async\" src=\"https:\/\/feuerwehr-simbach.de\/wp-content\/uploads\/2022\/04\/Uebernachtung-Jugendfeuerwehr-22.04.2022-5-e1650896764451.jpg\" alt=\"2022.04.22 \u00dcbernachtung Jugendfeuerwehr (5)\" \/><\/a><\/div><div class=\"su-carousel-slide\"><a href=\"https:\/\/feuerwehr-simbach.de\/wp-content\/uploads\/2022\/04\/Uebernachtung-Jugendfeuerwehr-22.04.2022-6-e1650896773469.jpg\" title=\"2022.04.22 \u00dcbernachtung Jugendfeuerwehr (6)\"><img decoding=\"async\" src=\"https:\/\/feuerwehr-simbach.de\/wp-content\/uploads\/2022\/04\/Uebernachtung-Jugendfeuerwehr-22.04.2022-6-e1650896773469.jpg\" alt=\"2022.04.22 \u00dcbernachtung Jugendfeuerwehr (6)\" \/><\/a><\/div><div class=\"su-carousel-slide\"><a href=\"https:\/\/feuerwehr-simbach.de\/wp-content\/uploads\/2022\/04\/Uebernachtung-Jugendfeuerwehr-22.04.2022-7-e1650896782379.jpg\" title=\"2022.04.22 \u00dcbernachtung Jugendfeuerwehr (7)\"><img decoding=\"async\" src=\"https:\/\/feuerwehr-simbach.de\/wp-content\/uploads\/2022\/04\/Uebernachtung-Jugendfeuerwehr-22.04.2022-7-e1650896782379.jpg\" alt=\"2022.04.22 \u00dcbernachtung Jugendfeuerwehr (7)\" \/><\/a><\/div><div class=\"su-carousel-slide\"><a href=\"https:\/\/feuerwehr-simbach.de\/wp-content\/uploads\/2022\/04\/Uebernachtung-Jugendfeuerwehr-22.04.2022-8-e1650896789131.jpg\" title=\"2022.04.22 \u00dcbernachtung Jugendfeuerwehr (8)\"><img decoding=\"async\" src=\"https:\/\/feuerwehr-simbach.de\/wp-content\/uploads\/2022\/04\/Uebernachtung-Jugendfeuerwehr-22.04.2022-8-e1650896789131.jpg\" alt=\"2022.04.22 \u00dcbernachtung Jugendfeuerwehr (8)\" \/><\/a><\/div><div class=\"su-carousel-slide\"><a href=\"https:\/\/feuerwehr-simbach.de\/wp-content\/uploads\/2022\/04\/Uebernachtung-Jugendfeuerwehr-22.04.2022-9-e1650896797400.jpg\" title=\"2022.04.22 \u00dcbernachtung Jugendfeuerwehr (9)\"><img decoding=\"async\" src=\"https:\/\/feuerwehr-simbach.de\/wp-content\/uploads\/2022\/04\/Uebernachtung-Jugendfeuerwehr-22.04.2022-9-e1650896797400.jpg\" alt=\"2022.04.22 \u00dcbernachtung Jugendfeuerwehr (9)\" \/><\/a><\/div><div class=\"su-carousel-slide\"><a href=\"https:\/\/feuerwehr-simbach.de\/wp-content\/uploads\/2022\/04\/Uebernachtung-Jugendfeuerwehr-22.04.2022-10-e1650896807411.jpg\" title=\"2022.04.22 \u00dcbernachtung Jugendfeuerwehr (10)\"><img decoding=\"async\" src=\"https:\/\/feuerwehr-simbach.de\/wp-content\/uploads\/2022\/04\/Uebernachtung-Jugendfeuerwehr-22.04.2022-10-e1650896807411.jpg\" alt=\"2022.04.22 \u00dcbernachtung Jugendfeuerwehr (10)\" \/><\/a><\/div><div class=\"su-carousel-slide\"><a href=\"https:\/\/feuerwehr-simbach.de\/wp-content\/uploads\/2022\/04\/Uebernachtung-Jugendfeuerwehr-22.04.2022-11-e1650896816343.jpg\" title=\"2022.04.22 \u00dcbernachtung Jugendfeuerwehr (11)\"><img decoding=\"async\" src=\"https:\/\/feuerwehr-simbach.de\/wp-content\/uploads\/2022\/04\/Uebernachtung-Jugendfeuerwehr-22.04.2022-11-e1650896816343.jpg\" alt=\"2022.04.22 \u00dcbernachtung Jugendfeuerwehr (11)\" \/><\/a><\/div><div class=\"su-carousel-slide\"><a href=\"https:\/\/feuerwehr-simbach.de\/wp-content\/uploads\/2022\/04\/Uebernachtung-Jugendfeuerwehr-22.04.2022-12-e1650896825648.jpg\" title=\"2022.04.22 \u00dcbernachtung Jugendfeuerwehr (12)\"><img decoding=\"async\" src=\"https:\/\/feuerwehr-simbach.de\/wp-content\/uploads\/2022\/04\/Uebernachtung-Jugendfeuerwehr-22.04.2022-12-e1650896825648.jpg\" alt=\"2022.04.22 \u00dcbernachtung Jugendfeuerwehr (12)\" \/><\/a><\/div><div class=\"su-carousel-slide\"><a href=\"https:\/\/feuerwehr-simbach.de\/wp-content\/uploads\/2022\/04\/Uebernachtung-Jugendfeuerwehr-22.04.2022-13-e1650896834310.jpg\" title=\"2022.04.22 \u00dcbernachtung Jugendfeuerwehr (13)\"><img decoding=\"async\" src=\"https:\/\/feuerwehr-simbach.de\/wp-content\/uploads\/2022\/04\/Uebernachtung-Jugendfeuerwehr-22.04.2022-13-e1650896834310.jpg\" alt=\"2022.04.22 \u00dcbernachtung Jugendfeuerwehr (13)\" \/><\/a><\/div><div class=\"su-carousel-slide\"><a href=\"https:\/\/feuerwehr-simbach.de\/wp-content\/uploads\/2022\/04\/Uebernachtung-Jugendfeuerwehr-22.04.2022-14-e1650896841184.jpg\" title=\"2022.04.22 \u00dcbernachtung Jugendfeuerwehr (14)\"><img decoding=\"async\" src=\"https:\/\/feuerwehr-simbach.de\/wp-content\/uploads\/2022\/04\/Uebernachtung-Jugendfeuerwehr-22.04.2022-14-e1650896841184.jpg\" alt=\"2022.04.22 \u00dcbernachtung Jugendfeuerwehr (14)\" \/><\/a><\/div><div class=\"su-carousel-slide\"><a href=\"https:\/\/feuerwehr-simbach.de\/wp-content\/uploads\/2022\/04\/Uebernachtung-Jugendfeuerwehr-22.04.2022-15-e1650896850255.jpg\" title=\"2022.04.22 \u00dcbernachtung Jugendfeuerwehr (15)\"><img decoding=\"async\" src=\"https:\/\/feuerwehr-simbach.de\/wp-content\/uploads\/2022\/04\/Uebernachtung-Jugendfeuerwehr-22.04.2022-15-e1650896850255.jpg\" alt=\"2022.04.22 \u00dcbernachtung Jugendfeuerwehr (15)\" \/><\/a><\/div><div class=\"su-carousel-slide\"><a href=\"https:\/\/feuerwehr-simbach.de\/wp-content\/uploads\/2022\/04\/Uebernachtung-Jugendfeuerwehr-22.04.2022-16-e1650896857894.jpg\" title=\"2022.04.22 \u00dcbernachtung Jugendfeuerwehr (16)\"><img decoding=\"async\" src=\"https:\/\/feuerwehr-simbach.de\/wp-content\/uploads\/2022\/04\/Uebernachtung-Jugendfeuerwehr-22.04.2022-16-e1650896857894.jpg\" alt=\"2022.04.22 \u00dcbernachtung Jugendfeuerwehr (16)\" \/><\/a><\/div><div class=\"su-carousel-slide\"><a href=\"https:\/\/feuerwehr-simbach.de\/wp-content\/uploads\/2022\/04\/Uebernachtung-Jugendfeuerwehr-22.04.2022-17-e1650896865739.jpg\" title=\"2022.04.22 \u00dcbernachtung Jugendfeuerwehr (17)\"><img decoding=\"async\" src=\"https:\/\/feuerwehr-simbach.de\/wp-content\/uploads\/2022\/04\/Uebernachtung-Jugendfeuerwehr-22.04.2022-17-e1650896865739.jpg\" alt=\"2022.04.22 \u00dcbernachtung Jugendfeuerwehr (17)\" \/><\/a><\/div><div class=\"su-carousel-slide\"><a href=\"https:\/\/feuerwehr-simbach.de\/wp-content\/uploads\/2022\/04\/Uebernachtung-Jugendfeuerwehr-22.04.2022-18-e1650896875762.jpg\" title=\"2022.04.22 \u00dcbernachtung Jugendfeuerwehr (18)\"><img decoding=\"async\" src=\"https:\/\/feuerwehr-simbach.de\/wp-content\/uploads\/2022\/04\/Uebernachtung-Jugendfeuerwehr-22.04.2022-18-e1650896875762.jpg\" alt=\"2022.04.22 \u00dcbernachtung Jugendfeuerwehr (18)\" \/><\/a><\/div><div class=\"su-carousel-slide\"><a href=\"https:\/\/feuerwehr-simbach.de\/wp-content\/uploads\/2022\/04\/Uebernachtung-Jugendfeuerwehr-22.04.2022-19-e1650896882872.jpg\" title=\"2022.04.22 \u00dcbernachtung Jugendfeuerwehr (19)\"><img decoding=\"async\" src=\"https:\/\/feuerwehr-simbach.de\/wp-content\/uploads\/2022\/04\/Uebernachtung-Jugendfeuerwehr-22.04.2022-19-e1650896882872.jpg\" alt=\"2022.04.22 \u00dcbernachtung Jugendfeuerwehr (19)\" \/><\/a><\/div><div class=\"su-carousel-slide\"><a href=\"https:\/\/feuerwehr-simbach.de\/wp-content\/uploads\/2022\/04\/Uebernachtung-Jugendfeuerwehr-22.04.2022-20-e1650896890989.jpg\" title=\"2022.04.22 \u00dcbernachtung Jugendfeuerwehr (20)\"><img decoding=\"async\" src=\"https:\/\/feuerwehr-simbach.de\/wp-content\/uploads\/2022\/04\/Uebernachtung-Jugendfeuerwehr-22.04.2022-20-e1650896890989.jpg\" alt=\"2022.04.22 \u00dcbernachtung Jugendfeuerwehr (20)\" \/><\/a><\/div><div class=\"su-carousel-slide\"><a href=\"https:\/\/feuerwehr-simbach.de\/wp-content\/uploads\/2022\/04\/Uebernachtung-Jugendfeuerwehr-22.04.2022-21-e1650896899897.jpg\" title=\"2022.04.22 \u00dcbernachtung Jugendfeuerwehr (21)\"><img decoding=\"async\" src=\"https:\/\/feuerwehr-simbach.de\/wp-content\/uploads\/2022\/04\/Uebernachtung-Jugendfeuerwehr-22.04.2022-21-e1650896899897.jpg\" alt=\"2022.04.22 \u00dcbernachtung Jugendfeuerwehr (21)\" \/><\/a><\/div><div class=\"su-carousel-slide\"><a href=\"https:\/\/feuerwehr-simbach.de\/wp-content\/uploads\/2022\/04\/Uebernachtung-Jugendfeuerwehr-22.04.2022-22-e1650896906270.jpg\" title=\"2022.04.22 \u00dcbernachtung Jugendfeuerwehr (22)\"><img decoding=\"async\" src=\"https:\/\/feuerwehr-simbach.de\/wp-content\/uploads\/2022\/04\/Uebernachtung-Jugendfeuerwehr-22.04.2022-22-e1650896906270.jpg\" alt=\"2022.04.22 \u00dcbernachtung Jugendfeuerwehr (22)\" \/><\/a><\/div><div class=\"su-carousel-slide\"><a href=\"https:\/\/feuerwehr-simbach.de\/wp-content\/uploads\/2022\/04\/Uebernachtung-Jugendfeuerwehr-22.04.2022-23-e1650896913467.jpg\" title=\"2022.04.22 \u00dcbernachtung Jugendfeuerwehr (23)\"><img decoding=\"async\" src=\"https:\/\/feuerwehr-simbach.de\/wp-content\/uploads\/2022\/04\/Uebernachtung-Jugendfeuerwehr-22.04.2022-23-e1650896913467.jpg\" alt=\"2022.04.22 \u00dcbernachtung Jugendfeuerwehr (23)\" \/><\/a><\/div><div class=\"su-carousel-slide\"><a href=\"https:\/\/feuerwehr-simbach.de\/wp-content\/uploads\/2022\/04\/Uebernachtung-Jugendfeuerwehr-22.04.2022-24-e1650896921250.jpg\" title=\"2022.04.22 \u00dcbernachtung Jugendfeuerwehr (24)\"><img decoding=\"async\" src=\"https:\/\/feuerwehr-simbach.de\/wp-content\/uploads\/2022\/04\/Uebernachtung-Jugendfeuerwehr-22.04.2022-24-e1650896921250.jpg\" alt=\"2022.04.22 \u00dcbernachtung Jugendfeuerwehr (24)\" \/><\/a><\/div><div class=\"su-carousel-slide\"><a href=\"https:\/\/feuerwehr-simbach.de\/wp-content\/uploads\/2022\/04\/Uebernachtung-Jugendfeuerwehr-22.04.2022-25-e1650896931769.jpg\" title=\"2022.04.22 \u00dcbernachtung Jugendfeuerwehr (25)\"><img decoding=\"async\" src=\"https:\/\/feuerwehr-simbach.de\/wp-content\/uploads\/2022\/04\/Uebernachtung-Jugendfeuerwehr-22.04.2022-25-e1650896931769.jpg\" alt=\"2022.04.22 \u00dcbernachtung Jugendfeuerwehr (25)\" \/><\/a><\/div><div class=\"su-carousel-slide\"><a href=\"https:\/\/feuerwehr-simbach.de\/wp-content\/uploads\/2022\/04\/Uebernachtung-Jugendfeuerwehr-22.04.2022-26-e1650896939709.jpg\" title=\"2022.04.22 \u00dcbernachtung Jugendfeuerwehr (26)\"><img decoding=\"async\" src=\"https:\/\/feuerwehr-simbach.de\/wp-content\/uploads\/2022\/04\/Uebernachtung-Jugendfeuerwehr-22.04.2022-26-e1650896939709.jpg\" alt=\"2022.04.22 \u00dcbernachtung Jugendfeuerwehr (26)\" \/><\/a><\/div><div class=\"su-carousel-slide\"><a href=\"https:\/\/feuerwehr-simbach.de\/wp-content\/uploads\/2022\/04\/Uebernachtung-Jugendfeuerwehr-22.04.2022-27-e1650896947833.jpg\" title=\"2022.04.22 \u00dcbernachtung Jugendfeuerwehr (27)\"><img decoding=\"async\" src=\"https:\/\/feuerwehr-simbach.de\/wp-content\/uploads\/2022\/04\/Uebernachtung-Jugendfeuerwehr-22.04.2022-27-e1650896947833.jpg\" alt=\"2022.04.22 \u00dcbernachtung Jugendfeuerwehr (27)\" \/><\/a><\/div><div class=\"su-carousel-slide\"><a href=\"https:\/\/feuerwehr-simbach.de\/wp-content\/uploads\/2022\/04\/Uebernachtung-Jugendfeuerwehr-22.04.2022-28-e1650896954543.jpg\" title=\"2022.04.22 \u00dcbernachtung Jugendfeuerwehr (28)\"><img decoding=\"async\" src=\"https:\/\/feuerwehr-simbach.de\/wp-content\/uploads\/2022\/04\/Uebernachtung-Jugendfeuerwehr-22.04.2022-28-e1650896954543.jpg\" alt=\"2022.04.22 \u00dcbernachtung Jugendfeuerwehr (28)\" \/><\/a><\/div><div class=\"su-carousel-slide\"><a href=\"https:\/\/feuerwehr-simbach.de\/wp-content\/uploads\/2022\/04\/Uebernachtung-Jugendfeuerwehr-22.04.2022-29-e1650896964437.jpg\" title=\"2022.04.22 \u00dcbernachtung Jugendfeuerwehr (29)\"><img decoding=\"async\" src=\"https:\/\/feuerwehr-simbach.de\/wp-content\/uploads\/2022\/04\/Uebernachtung-Jugendfeuerwehr-22.04.2022-29-e1650896964437.jpg\" alt=\"2022.04.22 \u00dcbernachtung Jugendfeuerwehr (29)\" \/><\/a><\/div><div class=\"su-carousel-slide\"><a href=\"https:\/\/feuerwehr-simbach.de\/wp-content\/uploads\/2022\/04\/Uebernachtung-Jugendfeuerwehr-22.04.2022-30-e1650896972300.jpg\" title=\"2022.04.22 \u00dcbernachtung Jugendfeuerwehr (30)\"><img decoding=\"async\" src=\"https:\/\/feuerwehr-simbach.de\/wp-content\/uploads\/2022\/04\/Uebernachtung-Jugendfeuerwehr-22.04.2022-30-e1650896972300.jpg\" alt=\"2022.04.22 \u00dcbernachtung Jugendfeuerwehr (30)\" \/><\/a><\/div><div class=\"su-carousel-slide\"><a href=\"https:\/\/feuerwehr-simbach.de\/wp-content\/uploads\/2022\/04\/Uebernachtung-Jugendfeuerwehr-22.04.2022-31-e1650896980552.jpg\" title=\"2022.04.22 \u00dcbernachtung Jugendfeuerwehr (31)\"><img decoding=\"async\" src=\"https:\/\/feuerwehr-simbach.de\/wp-content\/uploads\/2022\/04\/Uebernachtung-Jugendfeuerwehr-22.04.2022-31-e1650896980552.jpg\" alt=\"2022.04.22 \u00dcbernachtung Jugendfeuerwehr (31)\" \/><\/a><\/div><div class=\"su-carousel-slide\"><a href=\"https:\/\/feuerwehr-simbach.de\/wp-content\/uploads\/2022\/04\/Uebernachtung-Jugendfeuerwehr-22.04.2022-32-e1650896988833.jpg\" title=\"2022.04.22 \u00dcbernachtung Jugendfeuerwehr (32)\"><img decoding=\"async\" src=\"https:\/\/feuerwehr-simbach.de\/wp-content\/uploads\/2022\/04\/Uebernachtung-Jugendfeuerwehr-22.04.2022-32-e1650896988833.jpg\" alt=\"2022.04.22 \u00dcbernachtung Jugendfeuerwehr (32)\" \/><\/a><\/div><div class=\"su-carousel-slide\"><a href=\"https:\/\/feuerwehr-simbach.de\/wp-content\/uploads\/2022\/04\/Uebernachtung-Jugendfeuerwehr-22.04.2022-33-e1650896995346.jpg\" title=\"2022.04.22 \u00dcbernachtung Jugendfeuerwehr (33)\"><img decoding=\"async\" src=\"https:\/\/feuerwehr-simbach.de\/wp-content\/uploads\/2022\/04\/Uebernachtung-Jugendfeuerwehr-22.04.2022-33-e1650896995346.jpg\" alt=\"2022.04.22 \u00dcbernachtung Jugendfeuerwehr (33)\" \/><\/a><\/div><div class=\"su-carousel-slide\"><a href=\"https:\/\/feuerwehr-simbach.de\/wp-content\/uploads\/2022\/04\/Uebernachtung-Jugendfeuerwehr-22.04.2022-34-e1650897003279.jpg\" title=\"2022.04.22 \u00dcbernachtung Jugendfeuerwehr (34)\"><img decoding=\"async\" src=\"https:\/\/feuerwehr-simbach.de\/wp-content\/uploads\/2022\/04\/Uebernachtung-Jugendfeuerwehr-22.04.2022-34-e1650897003279.jpg\" alt=\"2022.04.22 \u00dcbernachtung Jugendfeuerwehr (34)\" \/><\/a><\/div><div class=\"su-carousel-slide\"><a href=\"https:\/\/feuerwehr-simbach.de\/wp-content\/uploads\/2022\/04\/Uebernachtung-Jugendfeuerwehr-22.04.2022-35-e1650897011624.jpg\" title=\"2022.04.22 \u00dcbernachtung Jugendfeuerwehr (35)\"><img decoding=\"async\" src=\"https:\/\/feuerwehr-simbach.de\/wp-content\/uploads\/2022\/04\/Uebernachtung-Jugendfeuerwehr-22.04.2022-35-e1650897011624.jpg\" alt=\"2022.04.22 \u00dcbernachtung Jugendfeuerwehr (35)\" \/><\/a><\/div><div class=\"su-carousel-slide\"><a href=\"https:\/\/feuerwehr-simbach.de\/wp-content\/uploads\/2022\/04\/Uebernachtung-Jugendfeuerwehr-22.04.2022-36-e1650897019933.jpg\" title=\"2022.04.22 \u00dcbernachtung Jugendfeuerwehr (36)\"><img decoding=\"async\" src=\"https:\/\/feuerwehr-simbach.de\/wp-content\/uploads\/2022\/04\/Uebernachtung-Jugendfeuerwehr-22.04.2022-36-e1650897019933.jpg\" alt=\"2022.04.22 \u00dcbernachtung Jugendfeuerwehr (36)\" \/><\/a><\/div><div class=\"su-carousel-slide\"><a href=\"https:\/\/feuerwehr-simbach.de\/wp-content\/uploads\/2022\/04\/Uebernachtung-Jugendfeuerwehr-22.04.2022-37-e1650897026295.jpg\" title=\"2022.04.22 \u00dcbernachtung Jugendfeuerwehr (37)\"><img decoding=\"async\" src=\"https:\/\/feuerwehr-simbach.de\/wp-content\/uploads\/2022\/04\/Uebernachtung-Jugendfeuerwehr-22.04.2022-37-e1650897026295.jpg\" alt=\"2022.04.22 \u00dcbernachtung Jugendfeuerwehr (37)\" \/><\/a><\/div><div class=\"su-carousel-slide\"><a href=\"https:\/\/feuerwehr-simbach.de\/wp-content\/uploads\/2022\/04\/Uebernachtung-Jugendfeuerwehr-22.04.2022-38-e1650897033942.jpg\" title=\"2022.04.22 \u00dcbernachtung Jugendfeuerwehr (38)\"><img decoding=\"async\" src=\"https:\/\/feuerwehr-simbach.de\/wp-content\/uploads\/2022\/04\/Uebernachtung-Jugendfeuerwehr-22.04.2022-38-e1650897033942.jpg\" alt=\"2022.04.22 \u00dcbernachtung Jugendfeuerwehr (38)\" \/><\/a><\/div><div class=\"su-carousel-slide\"><a href=\"https:\/\/feuerwehr-simbach.de\/wp-content\/uploads\/2022\/04\/Uebernachtung-Jugendfeuerwehr-22.04.2022-39-e1650897041457.jpg\" title=\"2022.04.22 \u00dcbernachtung Jugendfeuerwehr (39)\"><img decoding=\"async\" src=\"https:\/\/feuerwehr-simbach.de\/wp-content\/uploads\/2022\/04\/Uebernachtung-Jugendfeuerwehr-22.04.2022-39-e1650897041457.jpg\" alt=\"2022.04.22 \u00dcbernachtung Jugendfeuerwehr (39)\" \/><\/a><\/div><div class=\"su-carousel-slide\"><a href=\"https:\/\/feuerwehr-simbach.de\/wp-content\/uploads\/2022\/04\/Uebernachtung-Jugendfeuerwehr-22.04.2022-40-e1650897049723.jpg\" title=\"2022.04.22 \u00dcbernachtung Jugendfeuerwehr (40)\"><img decoding=\"async\" src=\"https:\/\/feuerwehr-simbach.de\/wp-content\/uploads\/2022\/04\/Uebernachtung-Jugendfeuerwehr-22.04.2022-40-e1650897049723.jpg\" alt=\"2022.04.22 \u00dcbernachtung Jugendfeuerwehr (40)\" \/><\/a><\/div><div class=\"su-carousel-slide\"><a href=\"https:\/\/feuerwehr-simbach.de\/wp-content\/uploads\/2022\/04\/Uebernachtung-Jugendfeuerwehr-22.04.2022-41-e1650897057660.jpg\" title=\"2022.04.22 \u00dcbernachtung Jugendfeuerwehr (41)\"><img decoding=\"async\" src=\"https:\/\/feuerwehr-simbach.de\/wp-content\/uploads\/2022\/04\/Uebernachtung-Jugendfeuerwehr-22.04.2022-41-e1650897057660.jpg\" alt=\"2022.04.22 \u00dcbernachtung Jugendfeuerwehr (41)\" \/><\/a><\/div><div class=\"su-carousel-slide\"><a href=\"https:\/\/feuerwehr-simbach.de\/wp-content\/uploads\/2022\/04\/Uebernachtung-Jugendfeuerwehr-22.04.2022-42-e1650897065970.jpg\" title=\"2022.04.22 \u00dcbernachtung Jugendfeuerwehr (42)\"><img decoding=\"async\" src=\"https:\/\/feuerwehr-simbach.de\/wp-content\/uploads\/2022\/04\/Uebernachtung-Jugendfeuerwehr-22.04.2022-42-e1650897065970.jpg\" alt=\"2022.04.22 \u00dcbernachtung Jugendfeuerwehr (42)\" \/><\/a><\/div><div class=\"su-carousel-slide\"><a href=\"https:\/\/feuerwehr-simbach.de\/wp-content\/uploads\/2022\/04\/Uebernachtung-Jugendfeuerwehr-22.04.2022-43-e1650897072648.jpg\" title=\"2022.04.22 \u00dcbernachtung Jugendfeuerwehr (43)\"><img decoding=\"async\" src=\"https:\/\/feuerwehr-simbach.de\/wp-content\/uploads\/2022\/04\/Uebernachtung-Jugendfeuerwehr-22.04.2022-43-e1650897072648.jpg\" alt=\"2022.04.22 \u00dcbernachtung Jugendfeuerwehr (43)\" \/><\/a><\/div><div class=\"su-carousel-slide\"><a href=\"https:\/\/feuerwehr-simbach.de\/wp-content\/uploads\/2022\/04\/Uebernachtung-Jugendfeuerwehr-22.04.2022-44-e1650897080471.jpg\" title=\"2022.04.22 \u00dcbernachtung Jugendfeuerwehr (44)\"><img decoding=\"async\" src=\"https:\/\/feuerwehr-simbach.de\/wp-content\/uploads\/2022\/04\/Uebernachtung-Jugendfeuerwehr-22.04.2022-44-e1650897080471.jpg\" alt=\"2022.04.22 \u00dcbernachtung Jugendfeuerwehr (44)\" \/><\/a><\/div><div class=\"su-carousel-slide\"><a href=\"https:\/\/feuerwehr-simbach.de\/wp-content\/uploads\/2022\/04\/Uebernachtung-Jugendfeuerwehr-22.04.2022-45-e1650897088146.jpg\" title=\"2022.04.22 \u00dcbernachtung Jugendfeuerwehr (45)\"><img decoding=\"async\" src=\"https:\/\/feuerwehr-simbach.de\/wp-content\/uploads\/2022\/04\/Uebernachtung-Jugendfeuerwehr-22.04.2022-45-e1650897088146.jpg\" alt=\"2022.04.22 \u00dcbernachtung Jugendfeuerwehr (45)\" \/><\/a><\/div><div class=\"su-carousel-slide\"><a href=\"https:\/\/feuerwehr-simbach.de\/wp-content\/uploads\/2022\/04\/Uebernachtung-Jugendfeuerwehr-22.04.2022-46-e1650897101970.jpg\" title=\"2022.04.22 \u00dcbernachtung Jugendfeuerwehr (46)\"><img decoding=\"async\" src=\"https:\/\/feuerwehr-simbach.de\/wp-content\/uploads\/2022\/04\/Uebernachtung-Jugendfeuerwehr-22.04.2022-46-e1650897101970.jpg\" alt=\"2022.04.22 \u00dcbernachtung Jugendfeuerwehr (46)\" \/><\/a><\/div><\/div><div class=\"su-carousel-nav\"><div class=\"su-carousel-direction\"><span class=\"su-carousel-prev\"><\/span><span class=\"su-carousel-next\"><\/span><\/div><div class=\"su-carousel-pagination\"><\/div><\/div><\/div>\r\n<p>&nbsp;<\/p>\r\n[vc_row_inner][vc_column_inner width=&#8220;1\/6&#8243;][\/vc_column_inner][vc_column_inner width=&#8220;2\/3&#8243;][vc_column_text]\r\n[\/vc_column_text]<video class=\"sc_video\" src=\"https:\/\/feuerwehr-simbach.de\/wp-content\/uploads\/2022\/04\/Jugend_Erlebnistag_2022_Musik.mp4\" width=\"750\" height=\"422\" data-width=\"750\" data-height=\"422\" data-ratio=\"16:9\" data-align=\"center\" style=\"width:750px;height:422px;\" controls=\"controls\" loop=\"loop\"><\/video>[vc_column_text]\r\n[\/vc_column_text][\/vc_column_inner][vc_column_inner width=&#8220;1\/6&#8243;][\/vc_column_inner][\/vc_row_inner]\r\n<p>&nbsp;<\/p>\r\n<p><\/p><\/div>","protected":false},"excerpt":{"rendered":"<p>24 Stunden Spa\u00df und Action f\u00fcr die Jugendlichen &nbsp; Jugendfeuerwehr \u00fcbernachtet im Feuerwehrhaus \u2013 Zahlreiche Einsatz\u00fcbungen und ein Wettbewerb Unsere Jugendfeuerwehr verbrachte am vergangenen Wochenende 24 Stunden im Feuerwehrhaus. Wie bei einer Berufsfeuerwehr kam es \u00fcber die beiden Tage verteilt immer wieder zu Eins\u00e4tzen, man kochte miteinander und in einem Wettbewerb mit mehreren Disziplinen konnten [&hellip;]<\/p>\n","protected":false},"author":22,"featured_media":0,"comment_status":"closed","ping_status":"closed","sticky":false,"template":"","format":"standard","meta":{"footnotes":""},"categories":[172],"tags":[],"class_list":["post-16968","post","type-post","status-publish","format-standard","hentry","category-aktuelles-2022"],"_links":{"self":[{"href":"https:\/\/feuerwehr-simbach.de\/index.php?rest_route=\/wp\/v2\/posts\/16968","targetHints":{"allow":["GET"]}}],"collection":[{"href":"https:\/\/feuerwehr-simbach.de\/index.php?rest_route=\/wp\/v2\/posts"}],"about":[{"href":"https:\/\/feuerwehr-simbach.de\/index.php?rest_route=\/wp\/v2\/types\/post"}],"author":[{"embeddable":true,"href":"https:\/\/feuerwehr-simbach.de\/index.php?rest_route=\/wp\/v2\/users\/22"}],"replies":[{"embeddable":true,"href":"https:\/\/feuerwehr-simbach.de\/index.php?rest_route=%2Fwp%2Fv2%2Fcomments&post=16968"}],"version-history":[{"count":16,"href":"https:\/\/feuerwehr-simbach.de\/index.php?rest_route=\/wp\/v2\/posts\/16968\/revisions"}],"predecessor-version":[{"id":17006,"href":"https:\/\/feuerwehr-simbach.de\/index.php?rest_route=\/wp\/v2\/posts\/16968\/revisions\/17006"}],"wp:attachment":[{"href":"https:\/\/feuerwehr-simbach.de\/index.php?rest_route=%2Fwp%2Fv2%2Fmedia&parent=16968"}],"wp:term":[{"taxonomy":"category","embeddable":true,"href":"https:\/\/feuerwehr-simbach.de\/index.php?rest_route=%2Fwp%2Fv2%2Fcategories&post=16968"},{"taxonomy":"post_tag","embeddable":true,"href":"https:\/\/feuerwehr-simbach.de\/index.php?rest_route=%2Fwp%2Fv2%2Ftags&post=16968"}],"curies":[{"name":"wp","href":"https:\/\/api.w.org\/{rel}","templated":true}]}}