{"id":20411,"date":"2023-11-18T13:08:20","date_gmt":"2023-11-18T12:08:20","guid":{"rendered":"https:\/\/feuerwehr-simbach.de\/?p=20411"},"modified":"2023-11-18T13:08:20","modified_gmt":"2023-11-18T12:08:20","slug":"brandbekaempfung-bei-hoher-waermebelastung","status":"publish","type":"post","link":"https:\/\/feuerwehr-simbach.de\/?p=20411","title":{"rendered":"Brandbek\u00e4mpfung bei hoher W\u00e4rmebelastung"},"content":{"rendered":"<h3 style=\"text-align: center;\"><span style=\"color: #000080;\">Brandbek\u00e4mpfung bei hoher W\u00e4rmebelastung<\/span><\/h3>\r\n<p>&nbsp;<\/p>\r\n<p><strong>Vier Mitglieder zum Tr\u00e4ger f\u00fcr W\u00e4rmschutzkleidung weitergebildet \u2013 Gr\u00fcnguthaufen bei Knauf Insulation zu \u00dcbungszwecken in Brand gesetzt<br \/>\r\n<\/strong>K\u00fcrzlich konnten wir bei uns am Feuerwehrhaus einen eint\u00e4gigen Lehrgang zum Tr\u00e4ger von W\u00e4rmeschutzkleidung (WSK) durchf\u00fchren. In Theorie und Praxis lernten vier Mitglieder unserer Feuerwehr, welche Einsatzgrunds\u00e4tze beim Tragen dieser Kleidung gelten und wo die Grenzen der W\u00e4rmeschutzkleidung liegen.<\/p>\r\n<p>Der Lehrgang begann mit einem kurzen Theorieteil, in dem die Teilnehmer die verschiedenen Arten dieser Schutzkleidung kennenlernten und erfuhren, wo die W\u00e4rmeschutzkleidung eingesetzt werden kann. Denn es gibt bei dieser Schutzkleidung insgesamt drei Arten. Dabei steigt die Schutzwirkung von Form 1, bei der nur eine Haube mit Handschuhen getragen wird, bis hin zu Form 3, welche ein kompletter Schutzanzug ist. Nach der theoretischen Einf\u00fchrung ging es in der Fahrzeughalle mit Trage\u00fcbungen weiter, in denen sich die Teilnehmer an die zus\u00e4tzliche Schutzausr\u00fcstung gew\u00f6hnen konnten. Denn neben dem erh\u00f6hten Gewicht wird das Sichtfeld im Vergleich zur normalen Atemschutzausr\u00fcstung weiter eingeschr\u00e4nkt und auch die Bewegung f\u00e4llt schwerer.<\/p>\r\n<p>Nach der Mittagspause machten wir uns auf den Weg zum Gel\u00e4nde der Firma Knauf Insulation im Simbacher Gewerbegebiet, wo KBM Felix Menzinger und Fach-KBM Franz Golginger als Beobachter hinzukamen. Dort hatten wir die M\u00f6glichkeit auf einem abgesicherten Bereich einen Gr\u00fcnguthaufen in Brand zu setzen, sodass die Teilnehmer die W\u00e4rmebelastung des Feuers sp\u00fcren konnten. Da die Arbeit mit dieser Kleidung anstrengender ist als mit normaler Atemschutzausr\u00fcstung, ist die Einsatzzeit auf 20 Minuten begrenzt. Im Anschluss an diese Praxis\u00fcbung l\u00f6schten wir den brennenden Haufen ab und kehrten zu den Aufr\u00e4umarbeiten ins Ger\u00e4tehaus zur\u00fcck. Dort bekamen die vier Teilnehmer aus den H\u00e4nden von Fach-KBM Franz Golginger ihr Zeugnis \u00fcberreicht.<\/p>\r\n<p>&nbsp;<\/p>\r\n<p>&nbsp;<\/p>\r\n<h6><strong>Hier einige Impressionen zum Lehrgang:<br \/>\r\n<\/strong><\/h6>\r\n<p>&nbsp;<\/p>\r\n<div id=\"su_carousel_69f5ad3d3862d\" class=\"su-carousel su-carousel-centered su-carousel-pages-no su-carousel-responsive-yes JLqJ4b ChMk0b su-lightbox-gallery\" style=\"width:100%\" data-autoplay=\"3000\" data-speed=\"2000\" data-mousewheel=\"true\" data-items=\"3\" data-scroll=\"1\"><div class=\"su-carousel-slides\"><div class=\"su-carousel-slide\"><a href=\"https:\/\/feuerwehr-simbach.de\/wp-content\/uploads\/2023\/11\/2023.10.28-Lehrgang-Waermeschutzkleidung-1-e1700308963699.jpg\" title=\"2023.10.28 Lehrgang W\u00e4rmeschutzkleidung (1)\"><img decoding=\"async\" src=\"https:\/\/feuerwehr-simbach.de\/wp-content\/uploads\/2023\/11\/2023.10.28-Lehrgang-Waermeschutzkleidung-1-e1700308963699.jpg\" alt=\"2023.10.28 Lehrgang W\u00e4rmeschutzkleidung (1)\" \/><\/a><\/div><div class=\"su-carousel-slide\"><a href=\"https:\/\/feuerwehr-simbach.de\/wp-content\/uploads\/2023\/11\/2023.10.28-Lehrgang-Waermeschutzkleidung-2-e1700308973319.jpg\" title=\"2023.10.28 Lehrgang W\u00e4rmeschutzkleidung (2)\"><img decoding=\"async\" src=\"https:\/\/feuerwehr-simbach.de\/wp-content\/uploads\/2023\/11\/2023.10.28-Lehrgang-Waermeschutzkleidung-2-e1700308973319.jpg\" alt=\"2023.10.28 Lehrgang W\u00e4rmeschutzkleidung (2)\" \/><\/a><\/div><div class=\"su-carousel-slide\"><a href=\"https:\/\/feuerwehr-simbach.de\/wp-content\/uploads\/2023\/11\/2023.10.28-Lehrgang-Waermeschutzkleidung-3-e1700308981264.jpg\" title=\"2023.10.28 Lehrgang W\u00e4rmeschutzkleidung (3)\"><img decoding=\"async\" src=\"https:\/\/feuerwehr-simbach.de\/wp-content\/uploads\/2023\/11\/2023.10.28-Lehrgang-Waermeschutzkleidung-3-e1700308981264.jpg\" alt=\"2023.10.28 Lehrgang W\u00e4rmeschutzkleidung (3)\" \/><\/a><\/div><div class=\"su-carousel-slide\"><a href=\"https:\/\/feuerwehr-simbach.de\/wp-content\/uploads\/2023\/11\/2023.10.28-Lehrgang-Waermeschutzkleidung-4-e1700308991892.jpg\" title=\"2023.10.28 Lehrgang W\u00e4rmeschutzkleidung (4)\"><img decoding=\"async\" src=\"https:\/\/feuerwehr-simbach.de\/wp-content\/uploads\/2023\/11\/2023.10.28-Lehrgang-Waermeschutzkleidung-4-e1700308991892.jpg\" alt=\"2023.10.28 Lehrgang W\u00e4rmeschutzkleidung (4)\" \/><\/a><\/div><div class=\"su-carousel-slide\"><a href=\"https:\/\/feuerwehr-simbach.de\/wp-content\/uploads\/2023\/11\/2023.10.28-Lehrgang-Waermeschutzkleidung-5-e1700309001975.jpg\" title=\"2023.10.28 Lehrgang W\u00e4rmeschutzkleidung (5)\"><img decoding=\"async\" src=\"https:\/\/feuerwehr-simbach.de\/wp-content\/uploads\/2023\/11\/2023.10.28-Lehrgang-Waermeschutzkleidung-5-e1700309001975.jpg\" alt=\"2023.10.28 Lehrgang W\u00e4rmeschutzkleidung (5)\" \/><\/a><\/div><div class=\"su-carousel-slide\"><a href=\"https:\/\/feuerwehr-simbach.de\/wp-content\/uploads\/2023\/11\/2023.10.28-Lehrgang-Waermeschutzkleidung-6-e1700309009502.jpg\" title=\"2023.10.28 Lehrgang W\u00e4rmeschutzkleidung (6)\"><img decoding=\"async\" src=\"https:\/\/feuerwehr-simbach.de\/wp-content\/uploads\/2023\/11\/2023.10.28-Lehrgang-Waermeschutzkleidung-6-e1700309009502.jpg\" alt=\"2023.10.28 Lehrgang W\u00e4rmeschutzkleidung (6)\" \/><\/a><\/div><div class=\"su-carousel-slide\"><a href=\"https:\/\/feuerwehr-simbach.de\/wp-content\/uploads\/2023\/11\/2023.10.28-Lehrgang-Waermeschutzkleidung-7-e1700309018306.jpg\" title=\"2023.10.28 Lehrgang W\u00e4rmeschutzkleidung (7)\"><img decoding=\"async\" src=\"https:\/\/feuerwehr-simbach.de\/wp-content\/uploads\/2023\/11\/2023.10.28-Lehrgang-Waermeschutzkleidung-7-e1700309018306.jpg\" alt=\"2023.10.28 Lehrgang W\u00e4rmeschutzkleidung (7)\" \/><\/a><\/div><div class=\"su-carousel-slide\"><a href=\"https:\/\/feuerwehr-simbach.de\/wp-content\/uploads\/2023\/11\/2023.10.28-Lehrgang-Waermeschutzkleidung-8-e1700309027232.jpg\" title=\"2023.10.28 Lehrgang W\u00e4rmeschutzkleidung (8)\"><img decoding=\"async\" src=\"https:\/\/feuerwehr-simbach.de\/wp-content\/uploads\/2023\/11\/2023.10.28-Lehrgang-Waermeschutzkleidung-8-e1700309027232.jpg\" alt=\"2023.10.28 Lehrgang W\u00e4rmeschutzkleidung (8)\" \/><\/a><\/div><div class=\"su-carousel-slide\"><a href=\"https:\/\/feuerwehr-simbach.de\/wp-content\/uploads\/2023\/11\/2023.10.28-Lehrgang-Waermeschutzkleidung-9-e1700309035698.jpg\" title=\"2023.10.28 Lehrgang W\u00e4rmeschutzkleidung (9)\"><img decoding=\"async\" src=\"https:\/\/feuerwehr-simbach.de\/wp-content\/uploads\/2023\/11\/2023.10.28-Lehrgang-Waermeschutzkleidung-9-e1700309035698.jpg\" alt=\"2023.10.28 Lehrgang W\u00e4rmeschutzkleidung (9)\" \/><\/a><\/div><div class=\"su-carousel-slide\"><a href=\"https:\/\/feuerwehr-simbach.de\/wp-content\/uploads\/2023\/11\/2023.10.28-Lehrgang-Waermeschutzkleidung-10-e1700309049778.jpg\" title=\"2023.10.28 Lehrgang W\u00e4rmeschutzkleidung (10)\"><img decoding=\"async\" src=\"https:\/\/feuerwehr-simbach.de\/wp-content\/uploads\/2023\/11\/2023.10.28-Lehrgang-Waermeschutzkleidung-10-e1700309049778.jpg\" alt=\"2023.10.28 Lehrgang W\u00e4rmeschutzkleidung (10)\" \/><\/a><\/div><div class=\"su-carousel-slide\"><a href=\"https:\/\/feuerwehr-simbach.de\/wp-content\/uploads\/2023\/11\/2023.10.28-Lehrgang-Waermeschutzkleidung-11-e1700309060721.jpg\" title=\"2023.10.28 Lehrgang W\u00e4rmeschutzkleidung (11)\"><img decoding=\"async\" src=\"https:\/\/feuerwehr-simbach.de\/wp-content\/uploads\/2023\/11\/2023.10.28-Lehrgang-Waermeschutzkleidung-11-e1700309060721.jpg\" alt=\"2023.10.28 Lehrgang W\u00e4rmeschutzkleidung (11)\" \/><\/a><\/div><div class=\"su-carousel-slide\"><a href=\"https:\/\/feuerwehr-simbach.de\/wp-content\/uploads\/2023\/11\/2023.10.28-Lehrgang-Waermeschutzkleidung-12-e1700309069701.jpg\" title=\"2023.10.28 Lehrgang W\u00e4rmeschutzkleidung (12)\"><img decoding=\"async\" src=\"https:\/\/feuerwehr-simbach.de\/wp-content\/uploads\/2023\/11\/2023.10.28-Lehrgang-Waermeschutzkleidung-12-e1700309069701.jpg\" alt=\"2023.10.28 Lehrgang W\u00e4rmeschutzkleidung (12)\" \/><\/a><\/div><div class=\"su-carousel-slide\"><a href=\"https:\/\/feuerwehr-simbach.de\/wp-content\/uploads\/2023\/11\/2023.10.28-Lehrgang-Waermeschutzkleidung-13-e1700309078963.jpg\" title=\"2023.10.28 Lehrgang W\u00e4rmeschutzkleidung (13)\"><img decoding=\"async\" src=\"https:\/\/feuerwehr-simbach.de\/wp-content\/uploads\/2023\/11\/2023.10.28-Lehrgang-Waermeschutzkleidung-13-e1700309078963.jpg\" alt=\"2023.10.28 Lehrgang W\u00e4rmeschutzkleidung (13)\" \/><\/a><\/div><div class=\"su-carousel-slide\"><a href=\"https:\/\/feuerwehr-simbach.de\/wp-content\/uploads\/2023\/11\/2023.10.28-Lehrgang-Waermeschutzkleidung-14-e1700309088744.jpg\" title=\"2023.10.28 Lehrgang W\u00e4rmeschutzkleidung (14)\"><img decoding=\"async\" src=\"https:\/\/feuerwehr-simbach.de\/wp-content\/uploads\/2023\/11\/2023.10.28-Lehrgang-Waermeschutzkleidung-14-e1700309088744.jpg\" alt=\"2023.10.28 Lehrgang W\u00e4rmeschutzkleidung (14)\" \/><\/a><\/div><div class=\"su-carousel-slide\"><a href=\"https:\/\/feuerwehr-simbach.de\/wp-content\/uploads\/2023\/11\/2023.10.28-Lehrgang-Waermeschutzkleidung-15-e1700309096519.jpg\" title=\"2023.10.28 Lehrgang W\u00e4rmeschutzkleidung (15)\"><img decoding=\"async\" src=\"https:\/\/feuerwehr-simbach.de\/wp-content\/uploads\/2023\/11\/2023.10.28-Lehrgang-Waermeschutzkleidung-15-e1700309096519.jpg\" alt=\"2023.10.28 Lehrgang W\u00e4rmeschutzkleidung (15)\" \/><\/a><\/div><div class=\"su-carousel-slide\"><a href=\"https:\/\/feuerwehr-simbach.de\/wp-content\/uploads\/2023\/11\/2023.10.28-Lehrgang-Waermeschutzkleidung-16-e1700309105610.jpg\" title=\"2023.10.28 Lehrgang W\u00e4rmeschutzkleidung (16)\"><img decoding=\"async\" src=\"https:\/\/feuerwehr-simbach.de\/wp-content\/uploads\/2023\/11\/2023.10.28-Lehrgang-Waermeschutzkleidung-16-e1700309105610.jpg\" alt=\"2023.10.28 Lehrgang W\u00e4rmeschutzkleidung (16)\" \/><\/a><\/div><div class=\"su-carousel-slide\"><a href=\"https:\/\/feuerwehr-simbach.de\/wp-content\/uploads\/2023\/11\/2023.10.28-Lehrgang-Waermeschutzkleidung-17-e1700309113880.jpg\" title=\"2023.10.28 Lehrgang W\u00e4rmeschutzkleidung (17)\"><img decoding=\"async\" src=\"https:\/\/feuerwehr-simbach.de\/wp-content\/uploads\/2023\/11\/2023.10.28-Lehrgang-Waermeschutzkleidung-17-e1700309113880.jpg\" alt=\"2023.10.28 Lehrgang W\u00e4rmeschutzkleidung (17)\" \/><\/a><\/div><div class=\"su-carousel-slide\"><a href=\"https:\/\/feuerwehr-simbach.de\/wp-content\/uploads\/2023\/11\/2023.10.28-Lehrgang-Waermeschutzkleidung-18-e1700309122537.jpg\" title=\"2023.10.28 Lehrgang W\u00e4rmeschutzkleidung (18)\"><img decoding=\"async\" src=\"https:\/\/feuerwehr-simbach.de\/wp-content\/uploads\/2023\/11\/2023.10.28-Lehrgang-Waermeschutzkleidung-18-e1700309122537.jpg\" alt=\"2023.10.28 Lehrgang W\u00e4rmeschutzkleidung (18)\" \/><\/a><\/div><div class=\"su-carousel-slide\"><a href=\"https:\/\/feuerwehr-simbach.de\/wp-content\/uploads\/2023\/11\/2023.10.28-Lehrgang-Waermeschutzkleidung-19-e1700309131390.jpg\" title=\"2023.10.28 Lehrgang W\u00e4rmeschutzkleidung (19)\"><img decoding=\"async\" src=\"https:\/\/feuerwehr-simbach.de\/wp-content\/uploads\/2023\/11\/2023.10.28-Lehrgang-Waermeschutzkleidung-19-e1700309131390.jpg\" alt=\"2023.10.28 Lehrgang W\u00e4rmeschutzkleidung (19)\" \/><\/a><\/div><\/div><div class=\"su-carousel-nav\"><div class=\"su-carousel-direction\"><span class=\"su-carousel-prev\"><\/span><span class=\"su-carousel-next\"><\/span><\/div><div class=\"su-carousel-pagination\"><\/div><\/div><\/div>\r\n<p><\/p>","protected":false},"excerpt":{"rendered":"<p>Brandbek\u00e4mpfung bei hoher W\u00e4rmebelastung &nbsp; Vier Mitglieder zum Tr\u00e4ger f\u00fcr W\u00e4rmschutzkleidung weitergebildet \u2013 Gr\u00fcnguthaufen bei Knauf Insulation zu \u00dcbungszwecken in Brand gesetzt K\u00fcrzlich konnten wir bei uns am Feuerwehrhaus einen eint\u00e4gigen Lehrgang zum Tr\u00e4ger von W\u00e4rmeschutzkleidung (WSK) durchf\u00fchren. In Theorie und Praxis lernten vier Mitglieder unserer Feuerwehr, welche Einsatzgrunds\u00e4tze beim Tragen dieser Kleidung gelten und [&hellip;]<\/p>\n","protected":false},"author":22,"featured_media":20402,"comment_status":"closed","ping_status":"closed","sticky":false,"template":"","format":"standard","meta":{"footnotes":""},"categories":[175],"tags":[],"class_list":["post-20411","post","type-post","status-publish","format-standard","has-post-thumbnail","hentry","category-aktuelles-2023"],"_links":{"self":[{"href":"https:\/\/feuerwehr-simbach.de\/index.php?rest_route=\/wp\/v2\/posts\/20411","targetHints":{"allow":["GET"]}}],"collection":[{"href":"https:\/\/feuerwehr-simbach.de\/index.php?rest_route=\/wp\/v2\/posts"}],"about":[{"href":"https:\/\/feuerwehr-simbach.de\/index.php?rest_route=\/wp\/v2\/types\/post"}],"author":[{"embeddable":true,"href":"https:\/\/feuerwehr-simbach.de\/index.php?rest_route=\/wp\/v2\/users\/22"}],"replies":[{"embeddable":true,"href":"https:\/\/feuerwehr-simbach.de\/index.php?rest_route=%2Fwp%2Fv2%2Fcomments&post=20411"}],"version-history":[{"count":2,"href":"https:\/\/feuerwehr-simbach.de\/index.php?rest_route=\/wp\/v2\/posts\/20411\/revisions"}],"predecessor-version":[{"id":20471,"href":"https:\/\/feuerwehr-simbach.de\/index.php?rest_route=\/wp\/v2\/posts\/20411\/revisions\/20471"}],"wp:featuredmedia":[{"embeddable":true,"href":"https:\/\/feuerwehr-simbach.de\/index.php?rest_route=\/wp\/v2\/media\/20402"}],"wp:attachment":[{"href":"https:\/\/feuerwehr-simbach.de\/index.php?rest_route=%2Fwp%2Fv2%2Fmedia&parent=20411"}],"wp:term":[{"taxonomy":"category","embeddable":true,"href":"https:\/\/feuerwehr-simbach.de\/index.php?rest_route=%2Fwp%2Fv2%2Fcategories&post=20411"},{"taxonomy":"post_tag","embeddable":true,"href":"https:\/\/feuerwehr-simbach.de\/index.php?rest_route=%2Fwp%2Fv2%2Ftags&post=20411"}],"curies":[{"name":"wp","href":"https:\/\/api.w.org\/{rel}","templated":true}]}}