{"id":21081,"date":"2024-03-17T16:36:54","date_gmt":"2024-03-17T15:36:54","guid":{"rendered":"https:\/\/feuerwehr-simbach.de\/?p=21081"},"modified":"2024-03-17T16:36:54","modified_gmt":"2024-03-17T15:36:54","slug":"18-neue-atemschutzgeraetetraeger-im-landkreis-rottal-inn","status":"publish","type":"post","link":"https:\/\/feuerwehr-simbach.de\/?p=21081","title":{"rendered":"18 neue Atemschutzger\u00e4tetr\u00e4ger im Landkreis Rottal-Inn"},"content":{"rendered":"<h3 style=\"text-align: center;\"><span style=\"color: #000080;\">18 neue Atemschutzger\u00e4tetr\u00e4ger im Landkreis Rottal-Inn<\/span><\/h3>\r\n<p>&nbsp;<\/p>\r\n<p><strong>18 Feuerwehrm\u00e4nner und \u2013frauen absolvieren Lehrgang &#8211; Sechs Mitglieder aus Simbach unter den Teilnehmern<br \/>\r\n<\/strong>Wie jedes Jahr nach Ende der Faschingszeit konnten wir auch in diesem Jahr wieder den zweiw\u00f6chigen Atemschutzger\u00e4tetr\u00e4gerlehrgang in Simbach durchf\u00fchren. Der Lehrgang, an dem Kameradinnen und Kameraden der Feuerwehren aus Arnstorf, Bad Birnbach, Egglham, Ering, Hirschbach, Rattenbach, Simbach und Stubenberg teilnahmen, startete mit insgesamt 20 Teilnehmern. Da zwei Feuerwehrm\u00e4nner w\u00e4hrend des Lehrgangs erkrankten, konnte dieser mit 18 Teilnehmern abgeschlossen werden. Besonders erfreulich war, dass sechs Teilnehmer aus der eigenen Wehr gestellt werden konnten.<\/p>\r\n<p>Der Lehrgang begann an einem Montagabend mit der allgemeinen Lehrgangseinf\u00fchrung, bevor die Teilnehmer von unserer Feuerwehr\u00e4rztin in die Grundlagen der Atmung eingewiesen wurden. Wenige Tage sp\u00e4ter bekamen die M\u00e4nner und Frauen einen Einblick in die Einsatzgrunds\u00e4tze und das Verhalten bei Atemschutznotf\u00e4llen.<\/p>\r\n<p>Am darauffolgenden Samstag fand der erste Praxistag statt. Am Vormittag kamen die Teilnehmer zum ersten Mal mit Atemschutzger\u00e4t und Maske in Kontakt und konnten bei mehreren Gew\u00f6hnungs\u00fcbungen Erfahrungen mit der erweiterten pers\u00f6nlichen Schutzausr\u00fcstung sammeln. Denn bei einem Marsch um das Feuerwehrhaus, dem Hinaufsteigen unserer <a href=\"https:\/\/feuerwehr-simbach.de\/?p=3554\">Drehleiter<\/a> sowie dem Durchkriechen des <a href=\"https:\/\/feuerwehr-simbach.de\/?p=3555\">Tankl\u00f6schfahrzeuges<\/a> konnten sich die Atemschutzanw\u00e4rter an das eingeschr\u00e4nkte Sichtfeld und das zus\u00e4tzliche Gewicht gew\u00f6hnen, bevor am Samstagnachmittag die ersten \u00dcbungen anstanden. Denn bei einem Kellerbrand, einer Personenrettung aus einem Schacht sowie einem Zimmerbrand im Obergeschoss konnten die Teilnehmer die in der Theorie gelernten Inhalte praktisch anwenden. Dar\u00fcber hinaus gab es an einer vierten Station wichtige Informationen zum Thema \u201eT\u00fcr\u00f6ffnung\u201c.<\/p>\r\n<p>Nur zwei Tage sp\u00e4ter folgte bereits die schriftliche Pr\u00fcfung im Schulungsraum unseres Feuerwehrhauses, die von unserem Kreisbrandmeister Felix Menzinger abgenommen wurde. Danach ging es nahtlos mit praktischen Inhalten weiter, denn die 14 M\u00e4nner und vier Frauen lernten die Aufgaben und Ausr\u00fcstung des Sicherheitstrupps kennen und erhielten Informationen zum Thema Schlauchmanagement. Bereits am n\u00e4chsten Tag stand die Atemschutz\u00fcbungsanlage in Eggenfelden auf dem Programm. Diese ist Teil des Lehrgangs und muss von allen Teilnehmern durchlaufen werden. Dort steht jedoch nicht das taktische Wissen im Vordergrund, sondern es soll die Belastung des Atemschutzger\u00e4tetr\u00e4gers getestet werden. Deshalb sind hier neben dem Durchlaufen der Atemschutzstrecke, die mit einigen Hindernissen ausgestattet ist, auch \u00dcbungen auf einem Handergometer, auf dem Laufband sowie auf einer Endlosleiter zu absolvieren.<\/p>\r\n<p>Der zweite Samstag und zugleich letzte Tag des Lehrgangs stand schlie\u00dflich vollst\u00e4ndig im Zeichen der praktischen \u00dcbungen. Denn bereits am Vormittag waren die Teilnehmer bei einem Kellerbrand sowie einem Zimmerbrand im ersten Obergeschoss gefordert. Zwar waren die \u00dcbungsobjekte die gleichen wie in der Vorwoche, jedoch wurde der Schwierigkeitsgrad erh\u00f6ht. Denn es wurden Atemschutznotf\u00e4lle simuliert und auch auf die Schnelligkeit des Vorgehens wurde mehr Wert gelegt. Nach der Mittagspause ging es auf zur Knauf Insulation GmbH, die uns dankenswerterweise ihr Firmengel\u00e4nde im Simbacher Gewerbegebiet f\u00fcr unsere Abschuss\u00fcbungen zur Verf\u00fcgung stellte. Dort wurde ein Werkstattbrand mit mehreren vermissten Personen angenommen. Um ein m\u00f6glichst realit\u00e4tsnahes Szenario zu schaffen, wurde die Werkstatt zu Beginn mit einer Nebelmaschine komplett verraucht. Zudem sollte eine \u00dcbung mit auslaufendem Gefahrgut und einer vermissten Person auf einem anderen Teil des Betriebsgel\u00e4ndes zeigen, dass der Einsatz von Atemschutz nicht nur bei Br\u00e4nden erforderlich ist. Diese beiden \u00dcbungen standen zus\u00e4tzlich zu unseren eigenen Ausbildern unter der Beobachtung von KBM Felix Menzinger und Fach-KBM Franz Golginger. Nach den \u00dcbungen bekamen die Teilnehmer von den Beobachtern ein kurzes Feedback, was sie gut gemacht haben und was bei kommenden \u00dcbungen verbessert werden kann. Am Samstagabend konnte schlie\u00dflich allen 18 Teilnehmern zum bestandenen Lehrgang gratuliert werden und sie erhielten aus den H\u00e4nden von Lehrgangsleiter Fabian Lehner, 2. Kommandant Markus Hainthaler, KBM Felix Menzinger und Fach-KBM Franz Golginger die Abschlusszeugnisse \u00fcberreicht, bevor der Abend in gem\u00fctlicher Runde ausklang.<\/p>\r\n<p>&nbsp;<\/p>\r\n<p>&nbsp;<\/p>\r\n<h6><strong>Hier einige Impressionen zum Lehrgang:<br \/>\r\n<\/strong><\/h6>\r\n<p>&nbsp;<\/p>\r\n<div id=\"su_carousel_69f48d0e71d82\" class=\"su-carousel su-carousel-centered su-carousel-pages-no su-carousel-responsive-yes JLqJ4b ChMk0b su-lightbox-gallery\" style=\"width:100%\" data-autoplay=\"3000\" data-speed=\"2000\" data-mousewheel=\"true\" data-items=\"3\" data-scroll=\"1\"><div class=\"su-carousel-slides\"><div class=\"su-carousel-slide\"><a href=\"https:\/\/feuerwehr-simbach.de\/wp-content\/uploads\/2024\/03\/2024.03.02-Atemschutzlehrgang-1-e1710689417370.jpg\" title=\"2024.03.02 Atemschutzlehrgang (1)\"><img decoding=\"async\" src=\"https:\/\/feuerwehr-simbach.de\/wp-content\/uploads\/2024\/03\/2024.03.02-Atemschutzlehrgang-1-e1710689417370.jpg\" alt=\"2024.03.02 Atemschutzlehrgang (1)\" \/><\/a><\/div><div class=\"su-carousel-slide\"><a href=\"https:\/\/feuerwehr-simbach.de\/wp-content\/uploads\/2024\/03\/2024.03.02-Atemschutzlehrgang-2-e1710689426117.jpg\" title=\"2024.03.02 Atemschutzlehrgang (2)\"><img decoding=\"async\" src=\"https:\/\/feuerwehr-simbach.de\/wp-content\/uploads\/2024\/03\/2024.03.02-Atemschutzlehrgang-2-e1710689426117.jpg\" alt=\"2024.03.02 Atemschutzlehrgang (2)\" \/><\/a><\/div><div class=\"su-carousel-slide\"><a href=\"https:\/\/feuerwehr-simbach.de\/wp-content\/uploads\/2024\/03\/2024.03.02-Atemschutzlehrgang-3-e1710689433617.jpg\" title=\"2024.03.02 Atemschutzlehrgang (3)\"><img decoding=\"async\" src=\"https:\/\/feuerwehr-simbach.de\/wp-content\/uploads\/2024\/03\/2024.03.02-Atemschutzlehrgang-3-e1710689433617.jpg\" alt=\"2024.03.02 Atemschutzlehrgang (3)\" \/><\/a><\/div><div class=\"su-carousel-slide\"><a href=\"https:\/\/feuerwehr-simbach.de\/wp-content\/uploads\/2024\/03\/2024.03.02-Atemschutzlehrgang-4-e1710689439722.jpg\" title=\"2024.03.02 Atemschutzlehrgang (4)\"><img decoding=\"async\" src=\"https:\/\/feuerwehr-simbach.de\/wp-content\/uploads\/2024\/03\/2024.03.02-Atemschutzlehrgang-4-e1710689439722.jpg\" alt=\"2024.03.02 Atemschutzlehrgang (4)\" \/><\/a><\/div><div class=\"su-carousel-slide\"><a href=\"https:\/\/feuerwehr-simbach.de\/wp-content\/uploads\/2024\/03\/2024.03.02-Atemschutzlehrgang-5-e1710689446678.jpg\" title=\"2024.03.02 Atemschutzlehrgang (5)\"><img decoding=\"async\" src=\"https:\/\/feuerwehr-simbach.de\/wp-content\/uploads\/2024\/03\/2024.03.02-Atemschutzlehrgang-5-e1710689446678.jpg\" alt=\"2024.03.02 Atemschutzlehrgang (5)\" \/><\/a><\/div><div class=\"su-carousel-slide\"><a href=\"https:\/\/feuerwehr-simbach.de\/wp-content\/uploads\/2024\/03\/2024.03.02-Atemschutzlehrgang-6-e1710689452190.jpg\" title=\"2024.03.02 Atemschutzlehrgang (6)\"><img decoding=\"async\" src=\"https:\/\/feuerwehr-simbach.de\/wp-content\/uploads\/2024\/03\/2024.03.02-Atemschutzlehrgang-6-e1710689452190.jpg\" alt=\"2024.03.02 Atemschutzlehrgang (6)\" \/><\/a><\/div><div class=\"su-carousel-slide\"><a href=\"https:\/\/feuerwehr-simbach.de\/wp-content\/uploads\/2024\/03\/2024.03.02-Atemschutzlehrgang-7-e1710689458778.jpg\" title=\"2024.03.02 Atemschutzlehrgang (7)\"><img decoding=\"async\" src=\"https:\/\/feuerwehr-simbach.de\/wp-content\/uploads\/2024\/03\/2024.03.02-Atemschutzlehrgang-7-e1710689458778.jpg\" alt=\"2024.03.02 Atemschutzlehrgang (7)\" \/><\/a><\/div><div class=\"su-carousel-slide\"><a href=\"https:\/\/feuerwehr-simbach.de\/wp-content\/uploads\/2024\/03\/2024.03.02-Atemschutzlehrgang-8-e1710689464387.jpg\" title=\"2024.03.02 Atemschutzlehrgang (8)\"><img decoding=\"async\" src=\"https:\/\/feuerwehr-simbach.de\/wp-content\/uploads\/2024\/03\/2024.03.02-Atemschutzlehrgang-8-e1710689464387.jpg\" alt=\"2024.03.02 Atemschutzlehrgang (8)\" \/><\/a><\/div><div class=\"su-carousel-slide\"><a href=\"https:\/\/feuerwehr-simbach.de\/wp-content\/uploads\/2024\/03\/2024.03.02-Atemschutzlehrgang-9-e1710689471969.jpg\" title=\"2024.03.02 Atemschutzlehrgang (9)\"><img decoding=\"async\" src=\"https:\/\/feuerwehr-simbach.de\/wp-content\/uploads\/2024\/03\/2024.03.02-Atemschutzlehrgang-9-e1710689471969.jpg\" alt=\"2024.03.02 Atemschutzlehrgang (9)\" \/><\/a><\/div><div class=\"su-carousel-slide\"><a href=\"https:\/\/feuerwehr-simbach.de\/wp-content\/uploads\/2024\/03\/2024.03.02-Atemschutzlehrgang-10-e1710689476782.jpg\" title=\"2024.03.02 Atemschutzlehrgang (10)\"><img decoding=\"async\" src=\"https:\/\/feuerwehr-simbach.de\/wp-content\/uploads\/2024\/03\/2024.03.02-Atemschutzlehrgang-10-e1710689476782.jpg\" alt=\"2024.03.02 Atemschutzlehrgang (10)\" \/><\/a><\/div><div class=\"su-carousel-slide\"><a href=\"https:\/\/feuerwehr-simbach.de\/wp-content\/uploads\/2024\/03\/2024.03.02-Atemschutzlehrgang-11-e1710689482844.jpg\" title=\"2024.03.02 Atemschutzlehrgang (11)\"><img decoding=\"async\" src=\"https:\/\/feuerwehr-simbach.de\/wp-content\/uploads\/2024\/03\/2024.03.02-Atemschutzlehrgang-11-e1710689482844.jpg\" alt=\"2024.03.02 Atemschutzlehrgang (11)\" \/><\/a><\/div><div class=\"su-carousel-slide\"><a href=\"https:\/\/feuerwehr-simbach.de\/wp-content\/uploads\/2024\/03\/2024.03.02-Atemschutzlehrgang-12-e1710689497569.jpg\" title=\"2024.03.02 Atemschutzlehrgang (12)\"><img decoding=\"async\" src=\"https:\/\/feuerwehr-simbach.de\/wp-content\/uploads\/2024\/03\/2024.03.02-Atemschutzlehrgang-12-e1710689497569.jpg\" alt=\"2024.03.02 Atemschutzlehrgang (12)\" \/><\/a><\/div><div class=\"su-carousel-slide\"><a href=\"https:\/\/feuerwehr-simbach.de\/wp-content\/uploads\/2024\/03\/2024.03.02-Atemschutzlehrgang-13-e1710689503535.jpg\" title=\"2024.03.02 Atemschutzlehrgang (13)\"><img decoding=\"async\" src=\"https:\/\/feuerwehr-simbach.de\/wp-content\/uploads\/2024\/03\/2024.03.02-Atemschutzlehrgang-13-e1710689503535.jpg\" alt=\"2024.03.02 Atemschutzlehrgang (13)\" \/><\/a><\/div><div class=\"su-carousel-slide\"><a href=\"https:\/\/feuerwehr-simbach.de\/wp-content\/uploads\/2024\/03\/2024.03.02-Atemschutzlehrgang-14-e1710689508214.jpg\" title=\"2024.03.02 Atemschutzlehrgang (14)\"><img decoding=\"async\" src=\"https:\/\/feuerwehr-simbach.de\/wp-content\/uploads\/2024\/03\/2024.03.02-Atemschutzlehrgang-14-e1710689508214.jpg\" alt=\"2024.03.02 Atemschutzlehrgang (14)\" \/><\/a><\/div><div class=\"su-carousel-slide\"><a href=\"https:\/\/feuerwehr-simbach.de\/wp-content\/uploads\/2024\/03\/2024.03.02-Atemschutzlehrgang-15-e1710689513869.jpg\" title=\"2024.03.02 Atemschutzlehrgang (15)\"><img decoding=\"async\" src=\"https:\/\/feuerwehr-simbach.de\/wp-content\/uploads\/2024\/03\/2024.03.02-Atemschutzlehrgang-15-e1710689513869.jpg\" alt=\"2024.03.02 Atemschutzlehrgang (15)\" \/><\/a><\/div><div class=\"su-carousel-slide\"><a href=\"https:\/\/feuerwehr-simbach.de\/wp-content\/uploads\/2024\/03\/2024.03.02-Atemschutzlehrgang-16-e1710689519362.jpg\" title=\"2024.03.02 Atemschutzlehrgang (16)\"><img decoding=\"async\" src=\"https:\/\/feuerwehr-simbach.de\/wp-content\/uploads\/2024\/03\/2024.03.02-Atemschutzlehrgang-16-e1710689519362.jpg\" alt=\"2024.03.02 Atemschutzlehrgang (16)\" \/><\/a><\/div><div class=\"su-carousel-slide\"><a href=\"https:\/\/feuerwehr-simbach.de\/wp-content\/uploads\/2024\/03\/2024.03.02-Atemschutzlehrgang-17-e1710689524359.jpg\" title=\"2024.03.02 Atemschutzlehrgang (17)\"><img decoding=\"async\" src=\"https:\/\/feuerwehr-simbach.de\/wp-content\/uploads\/2024\/03\/2024.03.02-Atemschutzlehrgang-17-e1710689524359.jpg\" alt=\"2024.03.02 Atemschutzlehrgang (17)\" \/><\/a><\/div><div class=\"su-carousel-slide\"><a href=\"https:\/\/feuerwehr-simbach.de\/wp-content\/uploads\/2024\/03\/2024.03.02-Atemschutzlehrgang-18-e1710689529794.jpg\" title=\"2024.03.02 Atemschutzlehrgang (18)\"><img decoding=\"async\" src=\"https:\/\/feuerwehr-simbach.de\/wp-content\/uploads\/2024\/03\/2024.03.02-Atemschutzlehrgang-18-e1710689529794.jpg\" alt=\"2024.03.02 Atemschutzlehrgang (18)\" \/><\/a><\/div><div class=\"su-carousel-slide\"><a href=\"https:\/\/feuerwehr-simbach.de\/wp-content\/uploads\/2024\/03\/2024.03.02-Atemschutzlehrgang-19-e1710689534512.jpg\" title=\"2024.03.02 Atemschutzlehrgang (19)\"><img decoding=\"async\" src=\"https:\/\/feuerwehr-simbach.de\/wp-content\/uploads\/2024\/03\/2024.03.02-Atemschutzlehrgang-19-e1710689534512.jpg\" alt=\"2024.03.02 Atemschutzlehrgang (19)\" \/><\/a><\/div><div class=\"su-carousel-slide\"><a href=\"https:\/\/feuerwehr-simbach.de\/wp-content\/uploads\/2024\/03\/2024.03.02-Atemschutzlehrgang-20-e1710689549993.jpg\" title=\"2024.03.02 Atemschutzlehrgang (20)\"><img decoding=\"async\" src=\"https:\/\/feuerwehr-simbach.de\/wp-content\/uploads\/2024\/03\/2024.03.02-Atemschutzlehrgang-20-e1710689549993.jpg\" alt=\"2024.03.02 Atemschutzlehrgang (20)\" \/><\/a><\/div><div class=\"su-carousel-slide\"><a href=\"https:\/\/feuerwehr-simbach.de\/wp-content\/uploads\/2024\/03\/2024.03.02-Atemschutzlehrgang-21-e1710689876710.jpg\" title=\"2024.03.02 Atemschutzlehrgang (21)\"><img decoding=\"async\" src=\"https:\/\/feuerwehr-simbach.de\/wp-content\/uploads\/2024\/03\/2024.03.02-Atemschutzlehrgang-21-e1710689876710.jpg\" alt=\"2024.03.02 Atemschutzlehrgang (21)\" \/><\/a><\/div><div class=\"su-carousel-slide\"><a href=\"https:\/\/feuerwehr-simbach.de\/wp-content\/uploads\/2024\/03\/2024.03.02-Atemschutzlehrgang-22-e1710689883648.jpg\" title=\"2024.03.02 Atemschutzlehrgang (22)\"><img decoding=\"async\" src=\"https:\/\/feuerwehr-simbach.de\/wp-content\/uploads\/2024\/03\/2024.03.02-Atemschutzlehrgang-22-e1710689883648.jpg\" alt=\"2024.03.02 Atemschutzlehrgang (22)\" \/><\/a><\/div><div class=\"su-carousel-slide\"><a href=\"https:\/\/feuerwehr-simbach.de\/wp-content\/uploads\/2024\/03\/2024.03.02-Atemschutzlehrgang-23-e1710689888255.jpg\" title=\"2024.03.02 Atemschutzlehrgang (23)\"><img decoding=\"async\" src=\"https:\/\/feuerwehr-simbach.de\/wp-content\/uploads\/2024\/03\/2024.03.02-Atemschutzlehrgang-23-e1710689888255.jpg\" alt=\"2024.03.02 Atemschutzlehrgang (23)\" \/><\/a><\/div><div class=\"su-carousel-slide\"><a href=\"https:\/\/feuerwehr-simbach.de\/wp-content\/uploads\/2024\/03\/2024.03.02-Atemschutzlehrgang-24-e1710689894478.jpg\" title=\"2024.03.02 Atemschutzlehrgang (24)\"><img decoding=\"async\" src=\"https:\/\/feuerwehr-simbach.de\/wp-content\/uploads\/2024\/03\/2024.03.02-Atemschutzlehrgang-24-e1710689894478.jpg\" alt=\"2024.03.02 Atemschutzlehrgang (24)\" \/><\/a><\/div><div class=\"su-carousel-slide\"><a href=\"https:\/\/feuerwehr-simbach.de\/wp-content\/uploads\/2024\/03\/2024.03.02-Atemschutzlehrgang-25-e1710689900968.jpg\" title=\"2024.03.02 Atemschutzlehrgang (25)\"><img decoding=\"async\" src=\"https:\/\/feuerwehr-simbach.de\/wp-content\/uploads\/2024\/03\/2024.03.02-Atemschutzlehrgang-25-e1710689900968.jpg\" alt=\"2024.03.02 Atemschutzlehrgang (25)\" \/><\/a><\/div><div class=\"su-carousel-slide\"><a href=\"https:\/\/feuerwehr-simbach.de\/wp-content\/uploads\/2024\/03\/2024.03.02-Atemschutzlehrgang-26-e1710689905751.jpg\" title=\"2024.03.02 Atemschutzlehrgang (26)\"><img decoding=\"async\" src=\"https:\/\/feuerwehr-simbach.de\/wp-content\/uploads\/2024\/03\/2024.03.02-Atemschutzlehrgang-26-e1710689905751.jpg\" alt=\"2024.03.02 Atemschutzlehrgang (26)\" \/><\/a><\/div><div class=\"su-carousel-slide\"><a href=\"https:\/\/feuerwehr-simbach.de\/wp-content\/uploads\/2024\/03\/2024.03.02-Atemschutzlehrgang-27-e1710689910875.jpg\" title=\"2024.03.02 Atemschutzlehrgang (27)\"><img decoding=\"async\" src=\"https:\/\/feuerwehr-simbach.de\/wp-content\/uploads\/2024\/03\/2024.03.02-Atemschutzlehrgang-27-e1710689910875.jpg\" alt=\"2024.03.02 Atemschutzlehrgang (27)\" \/><\/a><\/div><div class=\"su-carousel-slide\"><a href=\"https:\/\/feuerwehr-simbach.de\/wp-content\/uploads\/2024\/03\/2024.03.02-Atemschutzlehrgang-28-e1710689917401.jpg\" title=\"2024.03.02 Atemschutzlehrgang (28)\"><img decoding=\"async\" src=\"https:\/\/feuerwehr-simbach.de\/wp-content\/uploads\/2024\/03\/2024.03.02-Atemschutzlehrgang-28-e1710689917401.jpg\" alt=\"2024.03.02 Atemschutzlehrgang (28)\" \/><\/a><\/div><div class=\"su-carousel-slide\"><a href=\"https:\/\/feuerwehr-simbach.de\/wp-content\/uploads\/2024\/03\/2024.03.02-Atemschutzlehrgang-29-e1710689922393.jpg\" title=\"2024.03.02 Atemschutzlehrgang (29)\"><img decoding=\"async\" src=\"https:\/\/feuerwehr-simbach.de\/wp-content\/uploads\/2024\/03\/2024.03.02-Atemschutzlehrgang-29-e1710689922393.jpg\" alt=\"2024.03.02 Atemschutzlehrgang (29)\" \/><\/a><\/div><div class=\"su-carousel-slide\"><a href=\"https:\/\/feuerwehr-simbach.de\/wp-content\/uploads\/2024\/03\/2024.03.02-Atemschutzlehrgang-30-e1710689927316.jpg\" title=\"2024.03.02 Atemschutzlehrgang (30)\"><img decoding=\"async\" src=\"https:\/\/feuerwehr-simbach.de\/wp-content\/uploads\/2024\/03\/2024.03.02-Atemschutzlehrgang-30-e1710689927316.jpg\" alt=\"2024.03.02 Atemschutzlehrgang (30)\" \/><\/a><\/div><div class=\"su-carousel-slide\"><a href=\"https:\/\/feuerwehr-simbach.de\/wp-content\/uploads\/2024\/03\/2024.03.02-Atemschutzlehrgang-31-e1710689932521.jpg\" title=\"2024.03.02 Atemschutzlehrgang (31)\"><img decoding=\"async\" src=\"https:\/\/feuerwehr-simbach.de\/wp-content\/uploads\/2024\/03\/2024.03.02-Atemschutzlehrgang-31-e1710689932521.jpg\" alt=\"2024.03.02 Atemschutzlehrgang (31)\" \/><\/a><\/div><div class=\"su-carousel-slide\"><a href=\"https:\/\/feuerwehr-simbach.de\/wp-content\/uploads\/2024\/03\/2024.03.02-Atemschutzlehrgang-32-e1710689937907.jpg\" title=\"2024.03.02 Atemschutzlehrgang (32)\"><img decoding=\"async\" src=\"https:\/\/feuerwehr-simbach.de\/wp-content\/uploads\/2024\/03\/2024.03.02-Atemschutzlehrgang-32-e1710689937907.jpg\" alt=\"2024.03.02 Atemschutzlehrgang (32)\" \/><\/a><\/div><div class=\"su-carousel-slide\"><a href=\"https:\/\/feuerwehr-simbach.de\/wp-content\/uploads\/2024\/03\/2024.03.02-Atemschutzlehrgang-33-e1710689945184.jpg\" title=\"2024.03.02 Atemschutzlehrgang (33)\"><img decoding=\"async\" src=\"https:\/\/feuerwehr-simbach.de\/wp-content\/uploads\/2024\/03\/2024.03.02-Atemschutzlehrgang-33-e1710689945184.jpg\" alt=\"2024.03.02 Atemschutzlehrgang (33)\" \/><\/a><\/div><div class=\"su-carousel-slide\"><a href=\"https:\/\/feuerwehr-simbach.de\/wp-content\/uploads\/2024\/03\/2024.03.02-Atemschutzlehrgang-34-e1710689950234.jpg\" title=\"2024.03.02 Atemschutzlehrgang (34)\"><img decoding=\"async\" src=\"https:\/\/feuerwehr-simbach.de\/wp-content\/uploads\/2024\/03\/2024.03.02-Atemschutzlehrgang-34-e1710689950234.jpg\" alt=\"2024.03.02 Atemschutzlehrgang (34)\" \/><\/a><\/div><div class=\"su-carousel-slide\"><a href=\"https:\/\/feuerwehr-simbach.de\/wp-content\/uploads\/2024\/03\/2024.03.02-Atemschutzlehrgang-35-e1710689956416.jpg\" title=\"2024.03.02 Atemschutzlehrgang (35)\"><img decoding=\"async\" src=\"https:\/\/feuerwehr-simbach.de\/wp-content\/uploads\/2024\/03\/2024.03.02-Atemschutzlehrgang-35-e1710689956416.jpg\" alt=\"2024.03.02 Atemschutzlehrgang (35)\" \/><\/a><\/div><div class=\"su-carousel-slide\"><a href=\"https:\/\/feuerwehr-simbach.de\/wp-content\/uploads\/2024\/03\/2024.03.02-Atemschutzlehrgang-36-e1710689963793.jpg\" title=\"2024.03.02 Atemschutzlehrgang (36)\"><img decoding=\"async\" src=\"https:\/\/feuerwehr-simbach.de\/wp-content\/uploads\/2024\/03\/2024.03.02-Atemschutzlehrgang-36-e1710689963793.jpg\" alt=\"2024.03.02 Atemschutzlehrgang (36)\" \/><\/a><\/div><div class=\"su-carousel-slide\"><a href=\"https:\/\/feuerwehr-simbach.de\/wp-content\/uploads\/2024\/03\/2024.03.02-Atemschutzlehrgang-37-e1710689968898.jpg\" title=\"2024.03.02 Atemschutzlehrgang (37)\"><img decoding=\"async\" src=\"https:\/\/feuerwehr-simbach.de\/wp-content\/uploads\/2024\/03\/2024.03.02-Atemschutzlehrgang-37-e1710689968898.jpg\" alt=\"2024.03.02 Atemschutzlehrgang (37)\" \/><\/a><\/div><div class=\"su-carousel-slide\"><a href=\"https:\/\/feuerwehr-simbach.de\/wp-content\/uploads\/2024\/03\/2024.03.02-Atemschutzlehrgang-38-e1710689974804.jpg\" title=\"2024.03.02 Atemschutzlehrgang (38)\"><img decoding=\"async\" src=\"https:\/\/feuerwehr-simbach.de\/wp-content\/uploads\/2024\/03\/2024.03.02-Atemschutzlehrgang-38-e1710689974804.jpg\" alt=\"2024.03.02 Atemschutzlehrgang (38)\" \/><\/a><\/div><div class=\"su-carousel-slide\"><a href=\"https:\/\/feuerwehr-simbach.de\/wp-content\/uploads\/2024\/03\/2024.03.02-Atemschutzlehrgang-39-e1710689980763.jpg\" title=\"2024.03.02 Atemschutzlehrgang (39)\"><img decoding=\"async\" src=\"https:\/\/feuerwehr-simbach.de\/wp-content\/uploads\/2024\/03\/2024.03.02-Atemschutzlehrgang-39-e1710689980763.jpg\" alt=\"2024.03.02 Atemschutzlehrgang (39)\" \/><\/a><\/div><div class=\"su-carousel-slide\"><a href=\"https:\/\/feuerwehr-simbach.de\/wp-content\/uploads\/2024\/03\/2024.03.02-Atemschutzlehrgang-40-e1710689985729.jpg\" title=\"2024.03.02 Atemschutzlehrgang (40)\"><img decoding=\"async\" src=\"https:\/\/feuerwehr-simbach.de\/wp-content\/uploads\/2024\/03\/2024.03.02-Atemschutzlehrgang-40-e1710689985729.jpg\" alt=\"2024.03.02 Atemschutzlehrgang (40)\" \/><\/a><\/div><div class=\"su-carousel-slide\"><a href=\"https:\/\/feuerwehr-simbach.de\/wp-content\/uploads\/2024\/03\/2024.03.02-Atemschutzlehrgang-41-e1710689991755.jpg\" title=\"2024.03.02 Atemschutzlehrgang (41)\"><img decoding=\"async\" src=\"https:\/\/feuerwehr-simbach.de\/wp-content\/uploads\/2024\/03\/2024.03.02-Atemschutzlehrgang-41-e1710689991755.jpg\" alt=\"2024.03.02 Atemschutzlehrgang (41)\" \/><\/a><\/div><div class=\"su-carousel-slide\"><a href=\"https:\/\/feuerwehr-simbach.de\/wp-content\/uploads\/2024\/03\/2024.03.02-Atemschutzlehrgang-42-e1710689995722.jpg\" title=\"2024.03.02 Atemschutzlehrgang (42)\"><img decoding=\"async\" src=\"https:\/\/feuerwehr-simbach.de\/wp-content\/uploads\/2024\/03\/2024.03.02-Atemschutzlehrgang-42-e1710689995722.jpg\" alt=\"2024.03.02 Atemschutzlehrgang (42)\" \/><\/a><\/div><div class=\"su-carousel-slide\"><a href=\"https:\/\/feuerwehr-simbach.de\/wp-content\/uploads\/2024\/03\/2024.03.02-Atemschutzlehrgang-43-e1710690002185.jpg\" title=\"2024.03.02 Atemschutzlehrgang (43)\"><img decoding=\"async\" src=\"https:\/\/feuerwehr-simbach.de\/wp-content\/uploads\/2024\/03\/2024.03.02-Atemschutzlehrgang-43-e1710690002185.jpg\" alt=\"2024.03.02 Atemschutzlehrgang (43)\" \/><\/a><\/div><div class=\"su-carousel-slide\"><a href=\"https:\/\/feuerwehr-simbach.de\/wp-content\/uploads\/2024\/03\/2024.03.02-Atemschutzlehrgang-44-e1710690007210.jpg\" title=\"2024.03.02 Atemschutzlehrgang (44)\"><img decoding=\"async\" src=\"https:\/\/feuerwehr-simbach.de\/wp-content\/uploads\/2024\/03\/2024.03.02-Atemschutzlehrgang-44-e1710690007210.jpg\" alt=\"2024.03.02 Atemschutzlehrgang (44)\" \/><\/a><\/div><div class=\"su-carousel-slide\"><a href=\"https:\/\/feuerwehr-simbach.de\/wp-content\/uploads\/2024\/03\/2024.03.02-Atemschutzlehrgang-45-e1710690012428.jpg\" title=\"2024.03.02 Atemschutzlehrgang (45)\"><img decoding=\"async\" src=\"https:\/\/feuerwehr-simbach.de\/wp-content\/uploads\/2024\/03\/2024.03.02-Atemschutzlehrgang-45-e1710690012428.jpg\" alt=\"2024.03.02 Atemschutzlehrgang (45)\" \/><\/a><\/div><\/div><div class=\"su-carousel-nav\"><div class=\"su-carousel-direction\"><span class=\"su-carousel-prev\"><\/span><span class=\"su-carousel-next\"><\/span><\/div><div class=\"su-carousel-pagination\"><\/div><\/div><\/div>\r\n<p><\/p>","protected":false},"excerpt":{"rendered":"<p>18 neue Atemschutzger\u00e4tetr\u00e4ger im Landkreis Rottal-Inn &nbsp; 18 Feuerwehrm\u00e4nner und \u2013frauen absolvieren Lehrgang &#8211; Sechs Mitglieder aus Simbach unter den Teilnehmern Wie jedes Jahr nach Ende der Faschingszeit konnten wir auch in diesem Jahr wieder den zweiw\u00f6chigen Atemschutzger\u00e4tetr\u00e4gerlehrgang in Simbach durchf\u00fchren. Der Lehrgang, an dem Kameradinnen und Kameraden der Feuerwehren aus Arnstorf, Bad Birnbach, Egglham, [&hellip;]<\/p>\n","protected":false},"author":22,"featured_media":21100,"comment_status":"closed","ping_status":"closed","sticky":false,"template":"","format":"standard","meta":{"footnotes":""},"categories":[178],"tags":[],"class_list":["post-21081","post","type-post","status-publish","format-standard","has-post-thumbnail","hentry","category-aktuelles-2024"],"_links":{"self":[{"href":"https:\/\/feuerwehr-simbach.de\/index.php?rest_route=\/wp\/v2\/posts\/21081","targetHints":{"allow":["GET"]}}],"collection":[{"href":"https:\/\/feuerwehr-simbach.de\/index.php?rest_route=\/wp\/v2\/posts"}],"about":[{"href":"https:\/\/feuerwehr-simbach.de\/index.php?rest_route=\/wp\/v2\/types\/post"}],"author":[{"embeddable":true,"href":"https:\/\/feuerwehr-simbach.de\/index.php?rest_route=\/wp\/v2\/users\/22"}],"replies":[{"embeddable":true,"href":"https:\/\/feuerwehr-simbach.de\/index.php?rest_route=%2Fwp%2Fv2%2Fcomments&post=21081"}],"version-history":[{"count":2,"href":"https:\/\/feuerwehr-simbach.de\/index.php?rest_route=\/wp\/v2\/posts\/21081\/revisions"}],"predecessor-version":[{"id":21130,"href":"https:\/\/feuerwehr-simbach.de\/index.php?rest_route=\/wp\/v2\/posts\/21081\/revisions\/21130"}],"wp:featuredmedia":[{"embeddable":true,"href":"https:\/\/feuerwehr-simbach.de\/index.php?rest_route=\/wp\/v2\/media\/21100"}],"wp:attachment":[{"href":"https:\/\/feuerwehr-simbach.de\/index.php?rest_route=%2Fwp%2Fv2%2Fmedia&parent=21081"}],"wp:term":[{"taxonomy":"category","embeddable":true,"href":"https:\/\/feuerwehr-simbach.de\/index.php?rest_route=%2Fwp%2Fv2%2Fcategories&post=21081"},{"taxonomy":"post_tag","embeddable":true,"href":"https:\/\/feuerwehr-simbach.de\/index.php?rest_route=%2Fwp%2Fv2%2Ftags&post=21081"}],"curies":[{"name":"wp","href":"https:\/\/api.w.org\/{rel}","templated":true}]}}