{"id":7673,"date":"2019-05-01T23:31:16","date_gmt":"2019-05-01T21:31:16","guid":{"rendered":"https:\/\/feuerwehr-simbach.de\/?p=7673"},"modified":"2020-12-15T13:55:46","modified_gmt":"2020-12-15T12:55:46","slug":"gallery-post-2-2-2-2-2-3-2-2-2-2-2-2-2-3-2","status":"publish","type":"post","link":"https:\/\/feuerwehr-simbach.de\/?p=7673","title":{"rendered":"Maibaumaufstellen"},"content":{"rendered":"\r\n<h3 style=\"text-align: center;\"><span style=\"color: #000080;\">Maibaumaufstellen<\/span><span style=\"color: #000080;\">\u00a0<\/span><\/h3>\r\n<p><br \/>\r\nKurz vor der Walpurgisnacht hatte unsere Feuerwehr einen herrenlosen Holzstamm gefunden, den sie gleich beiseite ger\u00e4umt hatte. Es stellte sich erst im Nachhinein heraus, dass dies der Maibaum vom Trachtenverein Edelwei\u00df Antersdorf war. Nach einigen Verhandlungsgespr\u00e4chen wurden wir uns aber einig und stellten diesen anschlie\u00dfend gemeinsam mit dem Trachtenverein beim Gasthaus Murauer auf. Im Anschluss lie\u00dfen wir alle noch gemeinsam den Abend der Walpurgisnacht gem\u00fctlich ausklingen. <\/p>\r\n<p>&nbsp;<\/p>\r\n<div id=\"su_carousel_69f52761f2042\" class=\"su-carousel su-carousel-centered su-carousel-pages-no su-carousel-responsive-yes su-lightbox-gallery\" style=\"width:100%\" data-autoplay=\"3000\" data-speed=\"2000\" data-mousewheel=\"true\" data-items=\"3\" data-scroll=\"1\"><div class=\"su-carousel-slides\"><div class=\"su-carousel-slide\"><a href=\"https:\/\/feuerwehr-simbach.de\/wp-content\/uploads\/2019\/05\/Maibaum-1-e1615037915218.jpg\" title=\"2019.04.30 Maibaum (1)\"><img decoding=\"async\" src=\"https:\/\/feuerwehr-simbach.de\/wp-content\/uploads\/2019\/05\/Maibaum-1-e1615037915218.jpg\" alt=\"2019.04.30 Maibaum (1)\" \/><\/a><\/div><div class=\"su-carousel-slide\"><a href=\"https:\/\/feuerwehr-simbach.de\/wp-content\/uploads\/2019\/05\/Maibaum-2-e1615037926663.jpg\" title=\"2019.04.30 Maibaum (2)\"><img decoding=\"async\" src=\"https:\/\/feuerwehr-simbach.de\/wp-content\/uploads\/2019\/05\/Maibaum-2-e1615037926663.jpg\" alt=\"2019.04.30 Maibaum (2)\" \/><\/a><\/div><div class=\"su-carousel-slide\"><a href=\"https:\/\/feuerwehr-simbach.de\/wp-content\/uploads\/2019\/05\/Maibaum-4-e1615037940690.jpg\" title=\"2019.04.30 Maibaum (4)\"><img decoding=\"async\" src=\"https:\/\/feuerwehr-simbach.de\/wp-content\/uploads\/2019\/05\/Maibaum-4-e1615037940690.jpg\" alt=\"2019.04.30 Maibaum (4)\" \/><\/a><\/div><\/div><div class=\"su-carousel-nav\"><div class=\"su-carousel-direction\"><span class=\"su-carousel-prev\"><\/span><span class=\"su-carousel-next\"><\/span><\/div><div class=\"su-carousel-pagination\"><\/div><\/div><\/div>\r\n","protected":false},"excerpt":{"rendered":"<p>Maibaumaufstellen\u00a0 Kurz vor der Walpurgisnacht hatte unsere Feuerwehr einen herrenlosen Holzstamm gefunden, den sie gleich beiseite ger\u00e4umt hatte. Es stellte sich erst im Nachhinein heraus, dass dies der Maibaum vom Trachtenverein Edelwei\u00df Antersdorf war. Nach einigen Verhandlungsgespr\u00e4chen wurden wir uns aber einig und stellten diesen anschlie\u00dfend gemeinsam mit dem Trachtenverein beim Gasthaus Murauer auf. Im [&hellip;]<\/p>\n","protected":false},"author":11,"featured_media":0,"comment_status":"closed","ping_status":"closed","sticky":false,"template":"","format":"gallery","meta":{"footnotes":""},"categories":[93],"tags":[],"class_list":["post-7673","post","type-post","status-publish","format-gallery","hentry","category-aktuelles-2019","post_format-post-format-gallery"],"_links":{"self":[{"href":"https:\/\/feuerwehr-simbach.de\/index.php?rest_route=\/wp\/v2\/posts\/7673","targetHints":{"allow":["GET"]}}],"collection":[{"href":"https:\/\/feuerwehr-simbach.de\/index.php?rest_route=\/wp\/v2\/posts"}],"about":[{"href":"https:\/\/feuerwehr-simbach.de\/index.php?rest_route=\/wp\/v2\/types\/post"}],"author":[{"embeddable":true,"href":"https:\/\/feuerwehr-simbach.de\/index.php?rest_route=\/wp\/v2\/users\/11"}],"replies":[{"embeddable":true,"href":"https:\/\/feuerwehr-simbach.de\/index.php?rest_route=%2Fwp%2Fv2%2Fcomments&post=7673"}],"version-history":[{"count":5,"href":"https:\/\/feuerwehr-simbach.de\/index.php?rest_route=\/wp\/v2\/posts\/7673\/revisions"}],"predecessor-version":[{"id":12264,"href":"https:\/\/feuerwehr-simbach.de\/index.php?rest_route=\/wp\/v2\/posts\/7673\/revisions\/12264"}],"wp:attachment":[{"href":"https:\/\/feuerwehr-simbach.de\/index.php?rest_route=%2Fwp%2Fv2%2Fmedia&parent=7673"}],"wp:term":[{"taxonomy":"category","embeddable":true,"href":"https:\/\/feuerwehr-simbach.de\/index.php?rest_route=%2Fwp%2Fv2%2Fcategories&post=7673"},{"taxonomy":"post_tag","embeddable":true,"href":"https:\/\/feuerwehr-simbach.de\/index.php?rest_route=%2Fwp%2Fv2%2Ftags&post=7673"}],"curies":[{"name":"wp","href":"https:\/\/api.w.org\/{rel}","templated":true}]}}