{"id":7747,"date":"2019-05-12T22:20:54","date_gmt":"2019-05-12T20:20:54","guid":{"rendered":"https:\/\/feuerwehr-simbach.de\/?p=7747"},"modified":"2021-03-06T14:36:28","modified_gmt":"2021-03-06T13:36:28","slug":"gallery-post-2-2-2-2-2-3-2-2-2-2-3-2","status":"publish","type":"post","link":"https:\/\/feuerwehr-simbach.de\/?p=7747","title":{"rendered":"Verkaufsoffener Sonntag"},"content":{"rendered":"<h3 style=\"text-align: center;\"><span style=\"color: #000080;\">Verkaufsoffener Sonntag &#8211; Mitgliederwerbung<br \/>\n<\/span><\/h3>\n<p><br class=\"clear\" \/><br \/>\n<span style=\"color: #000000;\">Am Sonntag, den 5. Mai 2019, veranstaltete die Werbegemeinschaft einen verkaufsoffenen Sonntag mit einer Autoschau. Auch wir waren mit unserem R\u00fcstwagen und einigen Mann vor Ort, um unsere Feuerwehr und deren Aufgaben der Bev\u00f6lkerung n\u00e4her zu pr\u00e4sentieren. <\/span><span style=\"color: #000000;\">Hier noch ein paar Impression von unserem Stand:<\/span><\/p>\n<p>&nbsp;<\/p>\n<h6><span style=\"color: #000000;\">Fotos: Feuerwehr Stadt Simbach a. Inn<\/span><\/h6>\n<div id=\"su_carousel_69f5276200bb5\" class=\"su-carousel su-carousel-centered su-carousel-pages-no su-carousel-responsive-yes su-lightbox-gallery\" style=\"width:100%\" data-autoplay=\"3000\" data-speed=\"2000\" data-mousewheel=\"true\" data-items=\"3\" data-scroll=\"1\"><div class=\"su-carousel-slides\"><div class=\"su-carousel-slide\"><a href=\"https:\/\/feuerwehr-simbach.de\/wp-content\/uploads\/2019\/05\/Verkaufsoffener-Sonntag-2-e1557693767783.jpg\" title=\"2019.05.05 Verkaufsoffener Sonntag (2)\"><img decoding=\"async\" src=\"https:\/\/feuerwehr-simbach.de\/wp-content\/uploads\/2019\/05\/Verkaufsoffener-Sonntag-2-e1557693767783.jpg\" alt=\"2019.05.05 Verkaufsoffener Sonntag (2)\" \/><\/a><\/div><div class=\"su-carousel-slide\"><a href=\"https:\/\/feuerwehr-simbach.de\/wp-content\/uploads\/2019\/05\/Verkaufsoffener-Sonntag-3-e1615037824345.jpg\" title=\"2019.05.05 Verkaufsoffener Sonntag (3)\"><img decoding=\"async\" src=\"https:\/\/feuerwehr-simbach.de\/wp-content\/uploads\/2019\/05\/Verkaufsoffener-Sonntag-3-e1615037824345.jpg\" alt=\"2019.05.05 Verkaufsoffener Sonntag (3)\" \/><\/a><\/div><div class=\"su-carousel-slide\"><a href=\"https:\/\/feuerwehr-simbach.de\/wp-content\/uploads\/2019\/05\/Verkaufsoffener-Sonntag-4-e1615037836510.jpg\" title=\"2019.05.05 Verkaufsoffener Sonntag (4)\"><img decoding=\"async\" src=\"https:\/\/feuerwehr-simbach.de\/wp-content\/uploads\/2019\/05\/Verkaufsoffener-Sonntag-4-e1615037836510.jpg\" alt=\"2019.05.05 Verkaufsoffener Sonntag (4)\" \/><\/a><\/div><div class=\"su-carousel-slide\"><a href=\"https:\/\/feuerwehr-simbach.de\/wp-content\/uploads\/2019\/05\/Verkaufsoffener-Sonntag-5-e1615037850520.jpg\" title=\"2019.05.05 Verkaufsoffener Sonntag (5)\"><img decoding=\"async\" src=\"https:\/\/feuerwehr-simbach.de\/wp-content\/uploads\/2019\/05\/Verkaufsoffener-Sonntag-5-e1615037850520.jpg\" alt=\"2019.05.05 Verkaufsoffener Sonntag (5)\" \/><\/a><\/div><div class=\"su-carousel-slide\"><a href=\"https:\/\/feuerwehr-simbach.de\/wp-content\/uploads\/2019\/05\/Verkaufsoffener-Sonntag-6-e1615037861449.jpg\" title=\"2019.05.05 Verkaufsoffener Sonntag (6)\"><img decoding=\"async\" src=\"https:\/\/feuerwehr-simbach.de\/wp-content\/uploads\/2019\/05\/Verkaufsoffener-Sonntag-6-e1615037861449.jpg\" alt=\"2019.05.05 Verkaufsoffener Sonntag (6)\" \/><\/a><\/div><div class=\"su-carousel-slide\"><a href=\"https:\/\/feuerwehr-simbach.de\/wp-content\/uploads\/2019\/05\/Verkaufsoffener-Sonntag-1-e1615037872848.jpg\" title=\"2019.05.05 Verkaufsoffener Sonntag (1)\"><img decoding=\"async\" src=\"https:\/\/feuerwehr-simbach.de\/wp-content\/uploads\/2019\/05\/Verkaufsoffener-Sonntag-1-e1615037872848.jpg\" alt=\"2019.05.05 Verkaufsoffener Sonntag (1)\" \/><\/a><\/div><\/div><div class=\"su-carousel-nav\"><div class=\"su-carousel-direction\"><span class=\"su-carousel-prev\"><\/span><span class=\"su-carousel-next\"><\/span><\/div><div class=\"su-carousel-pagination\"><\/div><\/div><\/div>\n","protected":false},"excerpt":{"rendered":"<p>Verkaufsoffener Sonntag &#8211; Mitgliederwerbung Am Sonntag, den 5. Mai 2019, veranstaltete die Werbegemeinschaft einen verkaufsoffenen Sonntag mit einer Autoschau. Auch wir waren mit unserem R\u00fcstwagen und einigen Mann vor Ort, um unsere Feuerwehr und deren Aufgaben der Bev\u00f6lkerung n\u00e4her zu pr\u00e4sentieren. Hier noch ein paar Impression von unserem Stand: &nbsp; Fotos: Feuerwehr Stadt Simbach a. [&hellip;]<\/p>\n","protected":false},"author":11,"featured_media":0,"comment_status":"closed","ping_status":"closed","sticky":false,"template":"","format":"gallery","meta":{"footnotes":""},"categories":[93],"tags":[],"class_list":["post-7747","post","type-post","status-publish","format-gallery","hentry","category-aktuelles-2019","post_format-post-format-gallery"],"_links":{"self":[{"href":"https:\/\/feuerwehr-simbach.de\/index.php?rest_route=\/wp\/v2\/posts\/7747","targetHints":{"allow":["GET"]}}],"collection":[{"href":"https:\/\/feuerwehr-simbach.de\/index.php?rest_route=\/wp\/v2\/posts"}],"about":[{"href":"https:\/\/feuerwehr-simbach.de\/index.php?rest_route=\/wp\/v2\/types\/post"}],"author":[{"embeddable":true,"href":"https:\/\/feuerwehr-simbach.de\/index.php?rest_route=\/wp\/v2\/users\/11"}],"replies":[{"embeddable":true,"href":"https:\/\/feuerwehr-simbach.de\/index.php?rest_route=%2Fwp%2Fv2%2Fcomments&post=7747"}],"version-history":[{"count":16,"href":"https:\/\/feuerwehr-simbach.de\/index.php?rest_route=\/wp\/v2\/posts\/7747\/revisions"}],"predecessor-version":[{"id":13710,"href":"https:\/\/feuerwehr-simbach.de\/index.php?rest_route=\/wp\/v2\/posts\/7747\/revisions\/13710"}],"wp:attachment":[{"href":"https:\/\/feuerwehr-simbach.de\/index.php?rest_route=%2Fwp%2Fv2%2Fmedia&parent=7747"}],"wp:term":[{"taxonomy":"category","embeddable":true,"href":"https:\/\/feuerwehr-simbach.de\/index.php?rest_route=%2Fwp%2Fv2%2Fcategories&post=7747"},{"taxonomy":"post_tag","embeddable":true,"href":"https:\/\/feuerwehr-simbach.de\/index.php?rest_route=%2Fwp%2Fv2%2Ftags&post=7747"}],"curies":[{"name":"wp","href":"https:\/\/api.w.org\/{rel}","templated":true}]}}