{"id":8917,"date":"2019-10-09T21:07:43","date_gmt":"2019-10-09T19:07:43","guid":{"rendered":"https:\/\/feuerwehr-simbach.de\/?p=8917"},"modified":"2020-12-15T14:12:51","modified_gmt":"2020-12-15T13:12:51","slug":"gallery-post-2-2-2-2-2-3-2-2-2-2-3-3-2","status":"publish","type":"post","link":"https:\/\/feuerwehr-simbach.de\/?p=8917","title":{"rendered":"Verkaufsoffener Sonntag am 6. Oktober 2019"},"content":{"rendered":"<h3 style=\"text-align: center;\"><span style=\"color: #000080;\">Gro\u00dfes Interesse an Rettungsvorf\u00fchrung<\/span><\/h3>\r\n<p>&nbsp;<\/p>\r\n<p>Es war wieder viel los beim\u00a0 verkaufsoffenen Sonntag der Simbacher Werbegemeinschaft. Zu sehen waren alle Arten von Einsatzfahrzeugen, angefangen vom neuen R\u00fcstwagen \u00fcber die Einsatzzentrale bis zur Drehleiter und dem Rettungsboot. Absoluter Renner waren jedoch die Vorf\u00fchrungen, die \u00fcber den ganzen Nachmittag verteilt wurden. Zuerst zeigte man die Bergung von Verletzten (in diesem Fall Puppen) aus einem ziemlich ramponierten Unfallauto. Sprecher Siegfried Huber erl\u00e4uterte die Abl\u00e4ufe bei einem solchen Einsatz, beginnend mit dem Eintreffen der Sanit\u00e4ter, welche erst die Lage checken. Dann kommt die Feuerwehr und bereitet zusammen mit den BRK-Kr\u00e4ften alles f\u00fcr die schonende Bergung vor. Mit dem Rettungsspreizer wird schlie\u00dflich fachgerecht das Dach des havarierten Wagens entfernt. Die Verletzten kommen auf die Trage und werden weiter versorgt, w\u00e4hrend die Feuerwehr die Unfallstelle s\u00e4ubert. In einer zweiten Demonstration wurde beim verkaufsoffenen Sonntag durch die Feuerwehr gezeigt, was passiert, wenn man brennendes Fett mit Wasser l\u00f6schen will: Es gibt eine gewaltige Explosion, die mitunter t\u00f6dlich sein kann. Das Publikum staunte aus sicherer Entfernung nicht schlecht \u00fcber die meterhohe Stichflamme, die nach einer Sekunde schon wieder verklungen war. Weitere Hilfsorganisationen nutzten diese B\u00fchne am Kirchenplatz f\u00fcr eigene Infost\u00e4nde \u2013 so die Polizei und das BRK, wo man unter anderem die Wiederbelebung mittels Herzdruckmassage erkl\u00e4rt bekam. \u00a0<\/p>\r\n<h6><span style=\"color: #000000;\"><strong>Quelle PNP: F. Gilg<\/strong><\/span><\/h6>\r\n<p>&nbsp;<\/p>\r\n<h6><span style=\"color: #000000;\">Fotos: Feuerwehr Stadt Simbach a. Inn<\/span><\/h6>\r\n<div id=\"su_carousel_69f520edb87e7\" class=\"su-carousel su-carousel-centered su-carousel-pages-no su-carousel-responsive-yes su-lightbox-gallery\" style=\"width:100%\" data-autoplay=\"3000\" data-speed=\"2000\" data-mousewheel=\"true\" data-items=\"3\" data-scroll=\"1\"><div class=\"su-carousel-slides\"><div class=\"su-carousel-slide\"><a href=\"https:\/\/feuerwehr-simbach.de\/wp-content\/uploads\/2019\/10\/Verkaufsoffener-Sonntag-06.10.2019-1-e1570656162147.jpg\" title=\"2019.10.06 Verkaufsoffener Sonntag (1)\"><img decoding=\"async\" src=\"https:\/\/feuerwehr-simbach.de\/wp-content\/uploads\/2019\/10\/Verkaufsoffener-Sonntag-06.10.2019-1-e1570656162147.jpg\" alt=\"2019.10.06 Verkaufsoffener Sonntag (1)\" \/><\/a><\/div><div class=\"su-carousel-slide\"><a href=\"https:\/\/feuerwehr-simbach.de\/wp-content\/uploads\/2019\/10\/Verkaufsoffener-Sonntag-06.10.2019-2-e1570655963871.jpg\" title=\"2019.10.06 Verkaufsoffener Sonntag (2)\"><img decoding=\"async\" src=\"https:\/\/feuerwehr-simbach.de\/wp-content\/uploads\/2019\/10\/Verkaufsoffener-Sonntag-06.10.2019-2-e1570655963871.jpg\" alt=\"2019.10.06 Verkaufsoffener Sonntag (2)\" \/><\/a><\/div><div class=\"su-carousel-slide\"><a href=\"https:\/\/feuerwehr-simbach.de\/wp-content\/uploads\/2019\/10\/Verkaufsoffener-Sonntag-06.10.2019-3-e1570655975328.jpg\" title=\"2019.10.06 Verkaufsoffener Sonntag (3)\"><img decoding=\"async\" src=\"https:\/\/feuerwehr-simbach.de\/wp-content\/uploads\/2019\/10\/Verkaufsoffener-Sonntag-06.10.2019-3-e1570655975328.jpg\" alt=\"2019.10.06 Verkaufsoffener Sonntag (3)\" \/><\/a><\/div><div class=\"su-carousel-slide\"><a href=\"https:\/\/feuerwehr-simbach.de\/wp-content\/uploads\/2019\/10\/Verkaufsoffener-Sonntag-06.10.2019-4-e1570655984384.jpg\" title=\"2019.10.06 Verkaufsoffener Sonntag (4)\"><img decoding=\"async\" src=\"https:\/\/feuerwehr-simbach.de\/wp-content\/uploads\/2019\/10\/Verkaufsoffener-Sonntag-06.10.2019-4-e1570655984384.jpg\" alt=\"2019.10.06 Verkaufsoffener Sonntag (4)\" \/><\/a><\/div><div class=\"su-carousel-slide\"><a href=\"https:\/\/feuerwehr-simbach.de\/wp-content\/uploads\/2019\/10\/Verkaufsoffener-Sonntag-06.10.2019-5-e1570656037751.jpg\" title=\"2019.10.06 Verkaufsoffener Sonntag (5)\"><img decoding=\"async\" src=\"https:\/\/feuerwehr-simbach.de\/wp-content\/uploads\/2019\/10\/Verkaufsoffener-Sonntag-06.10.2019-5-e1570656037751.jpg\" alt=\"2019.10.06 Verkaufsoffener Sonntag (5)\" \/><\/a><\/div><div class=\"su-carousel-slide\"><a href=\"https:\/\/feuerwehr-simbach.de\/wp-content\/uploads\/2019\/10\/Verkaufsoffener-Sonntag-06.10.2019-6-e1570656044725.jpg\" title=\"2019.10.06 Verkaufsoffener Sonntag (6)\"><img decoding=\"async\" src=\"https:\/\/feuerwehr-simbach.de\/wp-content\/uploads\/2019\/10\/Verkaufsoffener-Sonntag-06.10.2019-6-e1570656044725.jpg\" alt=\"2019.10.06 Verkaufsoffener Sonntag (6)\" \/><\/a><\/div><div class=\"su-carousel-slide\"><a href=\"https:\/\/feuerwehr-simbach.de\/wp-content\/uploads\/2019\/10\/Verkaufsoffener-Sonntag-06.10.2019-7-e1570656051149.jpg\" title=\"2019.10.06 Verkaufsoffener Sonntag (7)\"><img decoding=\"async\" src=\"https:\/\/feuerwehr-simbach.de\/wp-content\/uploads\/2019\/10\/Verkaufsoffener-Sonntag-06.10.2019-7-e1570656051149.jpg\" alt=\"2019.10.06 Verkaufsoffener Sonntag (7)\" \/><\/a><\/div><div class=\"su-carousel-slide\"><a href=\"https:\/\/feuerwehr-simbach.de\/wp-content\/uploads\/2019\/10\/Verkaufsoffener-Sonntag-06.10.2019-8-e1570656061569.jpg\" title=\"2019.10.06 Verkaufsoffener Sonntag (8)\"><img decoding=\"async\" src=\"https:\/\/feuerwehr-simbach.de\/wp-content\/uploads\/2019\/10\/Verkaufsoffener-Sonntag-06.10.2019-8-e1570656061569.jpg\" alt=\"2019.10.06 Verkaufsoffener Sonntag (8)\" \/><\/a><\/div><div class=\"su-carousel-slide\"><a href=\"https:\/\/feuerwehr-simbach.de\/wp-content\/uploads\/2019\/10\/Verkaufsoffener-Sonntag-06.10.2019-9-e1570656069544.jpg\" title=\"2019.10.06 Verkaufsoffener Sonntag (9)\"><img decoding=\"async\" src=\"https:\/\/feuerwehr-simbach.de\/wp-content\/uploads\/2019\/10\/Verkaufsoffener-Sonntag-06.10.2019-9-e1570656069544.jpg\" alt=\"2019.10.06 Verkaufsoffener Sonntag (9)\" \/><\/a><\/div><div class=\"su-carousel-slide\"><a href=\"https:\/\/feuerwehr-simbach.de\/wp-content\/uploads\/2019\/10\/Verkaufsoffener-Sonntag-06.10.2019-10-e1570656078595.jpg\" title=\"2019.10.06 Verkaufsoffener Sonntag (10)\"><img decoding=\"async\" src=\"https:\/\/feuerwehr-simbach.de\/wp-content\/uploads\/2019\/10\/Verkaufsoffener-Sonntag-06.10.2019-10-e1570656078595.jpg\" alt=\"2019.10.06 Verkaufsoffener Sonntag (10)\" \/><\/a><\/div><div class=\"su-carousel-slide\"><a href=\"https:\/\/feuerwehr-simbach.de\/wp-content\/uploads\/2019\/10\/Verkaufsoffener-Sonntag-06.10.2019-11-e1570656088292.jpg\" title=\"2019.10.06 Verkaufsoffener Sonntag (11)\"><img decoding=\"async\" src=\"https:\/\/feuerwehr-simbach.de\/wp-content\/uploads\/2019\/10\/Verkaufsoffener-Sonntag-06.10.2019-11-e1570656088292.jpg\" alt=\"2019.10.06 Verkaufsoffener Sonntag (11)\" \/><\/a><\/div><div class=\"su-carousel-slide\"><a href=\"https:\/\/feuerwehr-simbach.de\/wp-content\/uploads\/2019\/10\/Verkaufsoffener-Sonntag-06.10.2019-12-e1570656099873.jpg\" title=\"2019.10.06 Verkaufsoffener Sonntag (12)\"><img decoding=\"async\" src=\"https:\/\/feuerwehr-simbach.de\/wp-content\/uploads\/2019\/10\/Verkaufsoffener-Sonntag-06.10.2019-12-e1570656099873.jpg\" alt=\"2019.10.06 Verkaufsoffener Sonntag (12)\" \/><\/a><\/div><div class=\"su-carousel-slide\"><a href=\"https:\/\/feuerwehr-simbach.de\/wp-content\/uploads\/2019\/10\/Verkaufsoffener-Sonntag-06.10.2019-13-e1570656110636.jpg\" title=\"2019.10.06 Verkaufsoffener Sonntag (13)\"><img decoding=\"async\" src=\"https:\/\/feuerwehr-simbach.de\/wp-content\/uploads\/2019\/10\/Verkaufsoffener-Sonntag-06.10.2019-13-e1570656110636.jpg\" alt=\"2019.10.06 Verkaufsoffener Sonntag (13)\" \/><\/a><\/div><div class=\"su-carousel-slide\"><a href=\"https:\/\/feuerwehr-simbach.de\/wp-content\/uploads\/2019\/10\/Verkaufsoffener-Sonntag-06.10.2019-14-e1570656118539.jpg\" title=\"2019.10.06 Verkaufsoffener Sonntag (14)\"><img decoding=\"async\" src=\"https:\/\/feuerwehr-simbach.de\/wp-content\/uploads\/2019\/10\/Verkaufsoffener-Sonntag-06.10.2019-14-e1570656118539.jpg\" alt=\"2019.10.06 Verkaufsoffener Sonntag (14)\" \/><\/a><\/div><div class=\"su-carousel-slide\"><a href=\"https:\/\/feuerwehr-simbach.de\/wp-content\/uploads\/2019\/10\/Verkaufsoffener-Sonntag-06.10.2019-15-e1570656128306.jpg\" title=\"2019.10.06 Verkaufsoffener Sonntag (15)\"><img decoding=\"async\" src=\"https:\/\/feuerwehr-simbach.de\/wp-content\/uploads\/2019\/10\/Verkaufsoffener-Sonntag-06.10.2019-15-e1570656128306.jpg\" alt=\"2019.10.06 Verkaufsoffener Sonntag (15)\" \/><\/a><\/div><div class=\"su-carousel-slide\"><a href=\"https:\/\/feuerwehr-simbach.de\/wp-content\/uploads\/2019\/10\/Verkaufsoffener-Sonntag-06.10.2019-16-e1570656137248.jpg\" title=\"2019.10.06 Verkaufsoffener Sonntag (16)\"><img decoding=\"async\" src=\"https:\/\/feuerwehr-simbach.de\/wp-content\/uploads\/2019\/10\/Verkaufsoffener-Sonntag-06.10.2019-16-e1570656137248.jpg\" alt=\"2019.10.06 Verkaufsoffener Sonntag (16)\" \/><\/a><\/div><div class=\"su-carousel-slide\"><a href=\"https:\/\/feuerwehr-simbach.de\/wp-content\/uploads\/2019\/10\/Verkaufsoffener-Sonntag-06.10.2019-17-e1570656146635.jpg\" title=\"2019.10.06 Verkaufsoffener Sonntag (17)\"><img decoding=\"async\" src=\"https:\/\/feuerwehr-simbach.de\/wp-content\/uploads\/2019\/10\/Verkaufsoffener-Sonntag-06.10.2019-17-e1570656146635.jpg\" alt=\"2019.10.06 Verkaufsoffener Sonntag (17)\" \/><\/a><\/div><div class=\"su-carousel-slide\"><a href=\"https:\/\/feuerwehr-simbach.de\/wp-content\/uploads\/2019\/10\/Verkaufsoffener-Sonntag-06.10.2019-18-e1570656155882.jpg\" title=\"2019.10.06 Verkaufsoffener Sonntag (18)\"><img decoding=\"async\" src=\"https:\/\/feuerwehr-simbach.de\/wp-content\/uploads\/2019\/10\/Verkaufsoffener-Sonntag-06.10.2019-18-e1570656155882.jpg\" alt=\"2019.10.06 Verkaufsoffener Sonntag (18)\" \/><\/a><\/div><\/div><div class=\"su-carousel-nav\"><div class=\"su-carousel-direction\"><span class=\"su-carousel-prev\"><\/span><span class=\"su-carousel-next\"><\/span><\/div><div class=\"su-carousel-pagination\"><\/div><\/div><\/div>\r\n","protected":false},"excerpt":{"rendered":"<p>Gro\u00dfes Interesse an Rettungsvorf\u00fchrung &nbsp; Es war wieder viel los beim\u00a0 verkaufsoffenen Sonntag der Simbacher Werbegemeinschaft. Zu sehen waren alle Arten von Einsatzfahrzeugen, angefangen vom neuen R\u00fcstwagen \u00fcber die Einsatzzentrale bis zur Drehleiter und dem Rettungsboot. Absoluter Renner waren jedoch die Vorf\u00fchrungen, die \u00fcber den ganzen Nachmittag verteilt wurden. Zuerst zeigte man die Bergung von [&hellip;]<\/p>\n","protected":false},"author":11,"featured_media":0,"comment_status":"closed","ping_status":"closed","sticky":false,"template":"","format":"standard","meta":{"footnotes":""},"categories":[93],"tags":[],"class_list":["post-8917","post","type-post","status-publish","format-standard","hentry","category-aktuelles-2019"],"_links":{"self":[{"href":"https:\/\/feuerwehr-simbach.de\/index.php?rest_route=\/wp\/v2\/posts\/8917","targetHints":{"allow":["GET"]}}],"collection":[{"href":"https:\/\/feuerwehr-simbach.de\/index.php?rest_route=\/wp\/v2\/posts"}],"about":[{"href":"https:\/\/feuerwehr-simbach.de\/index.php?rest_route=\/wp\/v2\/types\/post"}],"author":[{"embeddable":true,"href":"https:\/\/feuerwehr-simbach.de\/index.php?rest_route=\/wp\/v2\/users\/11"}],"replies":[{"embeddable":true,"href":"https:\/\/feuerwehr-simbach.de\/index.php?rest_route=%2Fwp%2Fv2%2Fcomments&post=8917"}],"version-history":[{"count":12,"href":"https:\/\/feuerwehr-simbach.de\/index.php?rest_route=\/wp\/v2\/posts\/8917\/revisions"}],"predecessor-version":[{"id":12275,"href":"https:\/\/feuerwehr-simbach.de\/index.php?rest_route=\/wp\/v2\/posts\/8917\/revisions\/12275"}],"wp:attachment":[{"href":"https:\/\/feuerwehr-simbach.de\/index.php?rest_route=%2Fwp%2Fv2%2Fmedia&parent=8917"}],"wp:term":[{"taxonomy":"category","embeddable":true,"href":"https:\/\/feuerwehr-simbach.de\/index.php?rest_route=%2Fwp%2Fv2%2Fcategories&post=8917"},{"taxonomy":"post_tag","embeddable":true,"href":"https:\/\/feuerwehr-simbach.de\/index.php?rest_route=%2Fwp%2Fv2%2Ftags&post=8917"}],"curies":[{"name":"wp","href":"https:\/\/api.w.org\/{rel}","templated":true}]}}